{"id":6760,"date":"2016-03-09T18:31:13","date_gmt":"2016-03-09T21:31:13","guid":{"rendered":"http:\/\/www.fumssar.com.br\/?p=6760"},"modified":"2024-10-07T16:35:34","modified_gmt":"2024-10-07T19:35:34","slug":"cai-o-indice-de-infestacao-do-aedes-aegypti-em-santa-rosa","status":"publish","type":"post","link":"https:\/\/www.fumssar.com.br\/?p=6760","title":{"rendered":"Cai o \u00edndice de infesta\u00e7\u00e3o do Aedes aegypti em Santa Rosa"},"content":{"rendered":"<p>O trabalho realizado pelos agentes de endemias e agentes de sa\u00fade, juntamente com os demais funcion\u00e1rios da FUMSSAR e da prefeitura municipal e os militares do 19\u00ba RCMec nestes primeiros dias de mar\u00e7o apontou a queda do \u00edndice de infesta\u00e7\u00e3o do Aedes aegypti em Santa Rosa.\u00a0<\/p>\n<p>Em seis dias de visita\u00e7\u00e3o foram trabalhadas 7320 resid\u00eancias sendo que em 104 foram encontrados focos, o que leva o \u00edndice de infesta\u00e7\u00e3o para 1.4%.\u00a0 Os n\u00fameros foram avaliados em reuni\u00e3o conduzida na Sala de Controle e Combate ao Aedes da FUMSSAR no final da tarde desta quarta-feira.<\/p>\n<p>Este \u00edndice representa uma queda pronunciada em rela\u00e7\u00e3o aos 7,2% de novembro, 6,2% de janeiro e 4,2% de fevereiro, j\u00e1 divulgados anteriormente. Avaliou-se que o resultado \u00e9 fruto do intenso trabalho realizado e da conscientiza\u00e7\u00e3o da popula\u00e7\u00e3o em rela\u00e7\u00e3o \u00e0 necessidade de eliminar o mosquito para evitar a ocorr\u00eancia das doen\u00e7as que ele transmite.<\/p>\n<p>\u201cOs resultados ainda s\u00e3o parciais, pois foram visitas apenas parcela dos domic\u00edlios, no entanto, sinalizam para uma queda importante e animam a todos os envolvidos no trabalho e tranquilizam a popula\u00e7\u00e3o\u201d comemora Dr. Benvegn\u00fa, presidente da Funda\u00e7\u00e3o.<\/p>\n<p>Os trabalhos de visitas t\u00e9cnicas continuam at\u00e9 o final do m\u00eas buscando visitar a totalidade das resid\u00eancias. Neste m\u00eas ainda ser\u00e3o realizadas atividades em conjunto com as escolas e empresas envolvendo ainda mais a comunidade. No dia 16 ser\u00e1 realizada mobiliza\u00e7\u00e3o de conscientiza\u00e7\u00e3o envolvendo todas as escolas do munic\u00edpio. \u201cTamb\u00e9m est\u00e3o sendo notificadas as resid\u00eancias com focos do mosquito e os que n\u00e3o tomarem atitudes ser\u00e3o multadas conforme a lei\u201d destaca Benvegn\u00fa.<\/p>\n<p>\u00c9 importante lembrar que as a\u00e7\u00f5es devem ser mantidas constantemente pois o mosquito tem alta capacidade de adapta\u00e7\u00e3o e reprodu\u00e7\u00e3o. Deve-se considerar ainda que os meses de mar\u00e7o e abril s\u00e3o os que costumam concentrar maior n\u00famero de casos de dengue.<\/p>\n","protected":false},"excerpt":{"rendered":"<p>O trabalho realizado pelos agentes de endemias e agentes de sa\u00fade, juntamente com os demais&#8230;<\/p>\n","protected":false},"author":11,"featured_media":6761,"comment_status":"open","ping_status":"open","sticky":false,"template":"","format":"standard","meta":{"footnotes":""},"categories":[2],"tags":[],"_links":{"self":[{"href":"https:\/\/www.fumssar.com.br\/index.php?rest_route=\/wp\/v2\/posts\/6760"}],"collection":[{"href":"https:\/\/www.fumssar.com.br\/index.php?rest_route=\/wp\/v2\/posts"}],"about":[{"href":"https:\/\/www.fumssar.com.br\/index.php?rest_route=\/wp\/v2\/types\/post"}],"author":[{"embeddable":true,"href":"https:\/\/www.fumssar.com.br\/index.php?rest_route=\/wp\/v2\/users\/11"}],"replies":[{"embeddable":true,"href":"https:\/\/www.fumssar.com.br\/index.php?rest_route=%2Fwp%2Fv2%2Fcomments&post=6760"}],"version-history":[{"count":1,"href":"https:\/\/www.fumssar.com.br\/index.php?rest_route=\/wp\/v2\/posts\/6760\/revisions"}],"predecessor-version":[{"id":6762,"href":"https:\/\/www.fumssar.com.br\/index.php?rest_route=\/wp\/v2\/posts\/6760\/revisions\/6762"}],"wp:featuredmedia":[{"embeddable":true,"href":"https:\/\/www.fumssar.com.br\/index.php?rest_route=\/wp\/v2\/media\/6761"}],"wp:attachment":[{"href":"https:\/\/www.fumssar.com.br\/index.php?rest_route=%2Fwp%2Fv2%2Fmedia&parent=6760"}],"wp:term":[{"taxonomy":"category","embeddable":true,"href":"https:\/\/www.fumssar.com.br\/index.php?rest_route=%2Fwp%2Fv2%2Fcategories&post=6760"},{"taxonomy":"post_tag","embeddable":true,"href":"https:\/\/www.fumssar.com.br\/index.php?rest_route=%2Fwp%2Fv2%2Ftags&post=6760"}],"curies":[{"name":"wp","href":"https:\/\/api.w.org\/{rel}","templated":true}]}}