{"id":6555,"date":"2016-03-04T10:40:35","date_gmt":"2016-03-04T13:40:35","guid":{"rendered":"http:\/\/www.fumssar.com.br\/?p=6555"},"modified":"2024-10-07T16:35:34","modified_gmt":"2024-10-07T19:35:34","slug":"fumssar-ja-entregou-documentos-solicitados-pelo-ministerio-publico-federal-2","status":"publish","type":"post","link":"https:\/\/www.fumssar.com.br\/?p=6555","title":{"rendered":"FUMSSAR j\u00e1 entregou  documentos solicitados pelo Minist\u00e9rio P\u00fablico Federal"},"content":{"rendered":"<p>O presidente da Funda\u00e7\u00e3o Municipal de Sa\u00fade-FUMSSAR, Dr. Lu\u00eds Ant\u00f4nio Benvegn\u00fa entregou na tarde desta quinta-feira ,3,os documentos \u00a0solicitados pela procuradora federal sobre as a\u00e7\u00f5es de combate ao Aedes aegypti.<\/p>\n<p>A solicita\u00e7\u00e3o\u00a0 de informa\u00e7\u00f5es faz parte de um inqu\u00e9rito civil p\u00fablico instaurado\u00a0 em fevereiro pelo\u00a0 Minist\u00e9rio P\u00fablico Federal\u00a0 atrav\u00e9s da portaria08\/2016 que se destina a TODOS OS MUNIC\u00cdPIOS onde tenha sido detectada\u00a0 presen\u00e7a do mosquito Aedes aegypti\u00a0 e que tenha\u00a0 recebido recursos federais. Santa rosa j\u00e1 entregou toda a documenta\u00e7\u00e3o solicitada relatando o montante de recursos recebidos e detalhando o conjunto de a\u00e7\u00f5es<\/p>\n<p>As\u00a0 a\u00e7\u00f5es desenvolvidas incluem atividades\u00a0 de combate \u00e0 prolifera\u00e7\u00e3o do mosquito realizadas pelos agentes comunit\u00e1rios\u00a0 de endemias, pelos agentes comunit\u00e1rios de sa\u00fade e demais profissionais da FUMSSAR. Tamb\u00e9m reportam a\u00e7\u00f5es de m\u00eddia e as resultantes da integra\u00e7\u00e3o com outros \u00f3rg\u00e3os da prefeitura como a secretaria de desenvolvimento sustent\u00e1vel e de infraestrutura, 19 \u00ba RCMEC, volunt\u00e1rios e o comit\u00ea Municipal de Combate ao mosquito. A FUMSSAR tamb\u00e9m tem estrat\u00e9gias muito bem tra\u00e7adas\u00a0 para impedir a prolifera\u00e7\u00e3o\u00a0 de casos de doen\u00e7a\u00a0 importadas ou aut\u00f3ctones e um plano de conting\u00eancia\u00a0 detalhado para o atendimento dos doentes, ressalta Benvegn\u00fa.<\/p>\n<p>O presidente destacou tamb\u00e9m os resultados obtidos nas a\u00e7\u00f5es de intensifica\u00e7\u00e3o no combate ao Aedes realizadas no m\u00eas de fevereiro, onde praticamente\u00a0 todos os domic\u00edlios\u00a0 foram visitados, houve intensa participa\u00e7\u00e3o no dia D, \u00f3 neste dia forma visitados em torno de 5.500 moradias. \u201c Ficamos satisfeitos com o envolvimento dos funcion\u00e1rios, dos militares dos volunt\u00e1rios e da comunidade, j\u00e1 percebemos avan\u00e7os no \u00edndice de infesta\u00e7\u00e3o que era de 7,2 em novembro de 2015, 6,2 em janeiro e em fevereiro ficou em 4,17\u201d. Comemora Benvegn\u00fa.<\/p>\n","protected":false},"excerpt":{"rendered":"<p>O presidente da Funda\u00e7\u00e3o Municipal de Sa\u00fade-FUMSSAR, Dr. Lu\u00eds Ant\u00f4nio Benvegn\u00fa entregou na tarde desta&#8230;<\/p>\n","protected":false},"author":11,"featured_media":0,"comment_status":"open","ping_status":"open","sticky":false,"template":"","format":"standard","meta":{"footnotes":""},"categories":[2],"tags":[],"_links":{"self":[{"href":"https:\/\/www.fumssar.com.br\/index.php?rest_route=\/wp\/v2\/posts\/6555"}],"collection":[{"href":"https:\/\/www.fumssar.com.br\/index.php?rest_route=\/wp\/v2\/posts"}],"about":[{"href":"https:\/\/www.fumssar.com.br\/index.php?rest_route=\/wp\/v2\/types\/post"}],"author":[{"embeddable":true,"href":"https:\/\/www.fumssar.com.br\/index.php?rest_route=\/wp\/v2\/users\/11"}],"replies":[{"embeddable":true,"href":"https:\/\/www.fumssar.com.br\/index.php?rest_route=%2Fwp%2Fv2%2Fcomments&post=6555"}],"version-history":[{"count":1,"href":"https:\/\/www.fumssar.com.br\/index.php?rest_route=\/wp\/v2\/posts\/6555\/revisions"}],"predecessor-version":[{"id":6556,"href":"https:\/\/www.fumssar.com.br\/index.php?rest_route=\/wp\/v2\/posts\/6555\/revisions\/6556"}],"wp:attachment":[{"href":"https:\/\/www.fumssar.com.br\/index.php?rest_route=%2Fwp%2Fv2%2Fmedia&parent=6555"}],"wp:term":[{"taxonomy":"category","embeddable":true,"href":"https:\/\/www.fumssar.com.br\/index.php?rest_route=%2Fwp%2Fv2%2Fcategories&post=6555"},{"taxonomy":"post_tag","embeddable":true,"href":"https:\/\/www.fumssar.com.br\/index.php?rest_route=%2Fwp%2Fv2%2Ftags&post=6555"}],"curies":[{"name":"wp","href":"https:\/\/api.w.org\/{rel}","templated":true}]}}