{"id":6548,"date":"2016-03-01T16:29:04","date_gmt":"2016-03-01T19:29:04","guid":{"rendered":"http:\/\/www.fumssar.com.br\/?p=6548"},"modified":"2024-10-07T16:35:34","modified_gmt":"2024-10-07T19:35:34","slug":"confirmados-quatro-casos-de-dengue-em-santa-rosa","status":"publish","type":"post","link":"https:\/\/www.fumssar.com.br\/?p=6548","title":{"rendered":"Confirmados quatro casos de dengue em Santa Rosa"},"content":{"rendered":"<p>A Funda\u00e7\u00e3o Municipal de Sa\u00fade-FUMSSAR divulgou nesta ter\u00e7a \u2013 feira os novos n\u00fameros de casos de Dengue no munic\u00edpio.\u00a0 O presidente da FUMSSAR, Dr. Lu\u00eds Ant\u00f4nio Benvegn\u00fa informou atrav\u00e9s da Sala Municipal de Controle e Combate ao Aedes aegypti o \u00faltimo boletim apurado em 29\/2\/ que s\u00e3o os seguintes: 44 notifica\u00e7\u00f5es, 26 descartados, 14 investigados e 4 casos confirmados. Dos casos confirmados 2 s\u00e3o importados ou seja de pessoas que se infectaram em outros locais e vieram para Santa Rosa e dois s\u00e3o aut\u00f3ctones(locais). O presidente da FUMSSAR destacou a import\u00e2ncia das pessoas tomarem os cuidados necess\u00e1rios uma vez que o v\u00edrus j\u00e1 circulou no munic\u00edpio. Benvegn\u00fa ressaltou ainda que a FUMSSAR est\u00e1 empenhando todos os esfor\u00e7os no combate e a\u00e7\u00f5es de preven\u00e7\u00e3o. Na tarde\u00a0 segunda-feira, 29,\u00a0 foi realizada uma reuni\u00e3o com os agentes de sa\u00fade de endemias para avaliar a situa\u00e7\u00e3o.<\/p>\n","protected":false},"excerpt":{"rendered":"<p>A Funda\u00e7\u00e3o Municipal de Sa\u00fade-FUMSSAR divulgou nesta ter\u00e7a \u2013 feira os novos n\u00fameros de casos&#8230;<\/p>\n","protected":false},"author":11,"featured_media":6549,"comment_status":"open","ping_status":"open","sticky":false,"template":"","format":"standard","meta":{"footnotes":""},"categories":[2],"tags":[],"_links":{"self":[{"href":"https:\/\/www.fumssar.com.br\/index.php?rest_route=\/wp\/v2\/posts\/6548"}],"collection":[{"href":"https:\/\/www.fumssar.com.br\/index.php?rest_route=\/wp\/v2\/posts"}],"about":[{"href":"https:\/\/www.fumssar.com.br\/index.php?rest_route=\/wp\/v2\/types\/post"}],"author":[{"embeddable":true,"href":"https:\/\/www.fumssar.com.br\/index.php?rest_route=\/wp\/v2\/users\/11"}],"replies":[{"embeddable":true,"href":"https:\/\/www.fumssar.com.br\/index.php?rest_route=%2Fwp%2Fv2%2Fcomments&post=6548"}],"version-history":[{"count":1,"href":"https:\/\/www.fumssar.com.br\/index.php?rest_route=\/wp\/v2\/posts\/6548\/revisions"}],"predecessor-version":[{"id":6550,"href":"https:\/\/www.fumssar.com.br\/index.php?rest_route=\/wp\/v2\/posts\/6548\/revisions\/6550"}],"wp:featuredmedia":[{"embeddable":true,"href":"https:\/\/www.fumssar.com.br\/index.php?rest_route=\/wp\/v2\/media\/6549"}],"wp:attachment":[{"href":"https:\/\/www.fumssar.com.br\/index.php?rest_route=%2Fwp%2Fv2%2Fmedia&parent=6548"}],"wp:term":[{"taxonomy":"category","embeddable":true,"href":"https:\/\/www.fumssar.com.br\/index.php?rest_route=%2Fwp%2Fv2%2Fcategories&post=6548"},{"taxonomy":"post_tag","embeddable":true,"href":"https:\/\/www.fumssar.com.br\/index.php?rest_route=%2Fwp%2Fv2%2Ftags&post=6548"}],"curies":[{"name":"wp","href":"https:\/\/api.w.org\/{rel}","templated":true}]}}