{"id":6487,"date":"2016-02-16T15:08:15","date_gmt":"2016-02-16T18:08:15","guid":{"rendered":"http:\/\/www.fumssar.com.br\/?p=6487"},"modified":"2024-10-07T16:35:52","modified_gmt":"2024-10-07T19:35:52","slug":"posto-saude-de-candeia-sera-reformado","status":"publish","type":"post","link":"https:\/\/www.fumssar.com.br\/?p=6487","title":{"rendered":"Posto Sa\u00fade de Candeia ser\u00e1 reformado"},"content":{"rendered":"<p>O anuncio foi feito pelo prefeito em exerc\u00edcio Dr.Lu\u00eds Ant\u00f4nio Benvegn\u00fa e o presidente interino da Funda\u00e7\u00e3o Municipal de Sa\u00fade-FUMSSAR, Aldair Melchior na semana passada em reuni\u00e3o realizada com a comunidade local. Na oportunidade \u00a0o projeto de reforma foi amplamente apresentado para os moradores em todos os detalhes. Benvegn\u00fa destacou que esta reforma estava sendo reivindicada e com esfor\u00e7os da gest\u00e3o est\u00e1 se tornando realidade. O prefeito disse ainda que esta obra \u00e9 mais uma de tantas outras que a atual administra\u00e7\u00e3o tem realizado, e vem qualificar ainda mais o atendimento prestado. \u00a0O presidente em substituto da FUMSSAR, Aldair Melchior explanou aos presentes o projeto destacando que os recursos s\u00e3o oriundos de sobras de recursos de outras obras, e que assim que for conclu\u00eddo o processo licitat\u00f3rio a obra ser\u00e1 iniciada. Al\u00e9m de ser reformado o posto ser\u00e1 ampliado recebendo tamb\u00e9m alguns equipamentos novos.<\/p>\n","protected":false},"excerpt":{"rendered":"<p>O anuncio foi feito pelo prefeito em exerc\u00edcio Dr.Lu\u00eds Ant\u00f4nio Benvegn\u00fa e o presidente interino&#8230;<\/p>\n","protected":false},"author":11,"featured_media":6488,"comment_status":"open","ping_status":"open","sticky":false,"template":"","format":"standard","meta":{"footnotes":""},"categories":[2],"tags":[],"_links":{"self":[{"href":"https:\/\/www.fumssar.com.br\/index.php?rest_route=\/wp\/v2\/posts\/6487"}],"collection":[{"href":"https:\/\/www.fumssar.com.br\/index.php?rest_route=\/wp\/v2\/posts"}],"about":[{"href":"https:\/\/www.fumssar.com.br\/index.php?rest_route=\/wp\/v2\/types\/post"}],"author":[{"embeddable":true,"href":"https:\/\/www.fumssar.com.br\/index.php?rest_route=\/wp\/v2\/users\/11"}],"replies":[{"embeddable":true,"href":"https:\/\/www.fumssar.com.br\/index.php?rest_route=%2Fwp%2Fv2%2Fcomments&post=6487"}],"version-history":[{"count":2,"href":"https:\/\/www.fumssar.com.br\/index.php?rest_route=\/wp\/v2\/posts\/6487\/revisions"}],"predecessor-version":[{"id":6490,"href":"https:\/\/www.fumssar.com.br\/index.php?rest_route=\/wp\/v2\/posts\/6487\/revisions\/6490"}],"wp:featuredmedia":[{"embeddable":true,"href":"https:\/\/www.fumssar.com.br\/index.php?rest_route=\/wp\/v2\/media\/6488"}],"wp:attachment":[{"href":"https:\/\/www.fumssar.com.br\/index.php?rest_route=%2Fwp%2Fv2%2Fmedia&parent=6487"}],"wp:term":[{"taxonomy":"category","embeddable":true,"href":"https:\/\/www.fumssar.com.br\/index.php?rest_route=%2Fwp%2Fv2%2Fcategories&post=6487"},{"taxonomy":"post_tag","embeddable":true,"href":"https:\/\/www.fumssar.com.br\/index.php?rest_route=%2Fwp%2Fv2%2Ftags&post=6487"}],"curies":[{"name":"wp","href":"https:\/\/api.w.org\/{rel}","templated":true}]}}