{"id":6481,"date":"2016-02-15T15:48:49","date_gmt":"2016-02-15T18:48:49","guid":{"rendered":"http:\/\/www.fumssar.com.br\/?p=6481"},"modified":"2024-10-07T16:35:53","modified_gmt":"2024-10-07T19:35:53","slug":"fumssar-avaliou-acoes-do-dia-d","status":"publish","type":"post","link":"https:\/\/www.fumssar.com.br\/?p=6481","title":{"rendered":"FUMSSAR avaliou a\u00e7\u00f5es do Dia \u201cD\u201d"},"content":{"rendered":"<p>Uma grande mobiliza\u00e7\u00e3o tomou conta de Santa Rosa durante o s\u00e1bado, 13, Dia Nacional de combate ao Aedes aegypti denominado Dia \u201cD\u201d. O poder p\u00fablico atrav\u00e9s da Funda\u00e7\u00e3o Municipal de Sa\u00fade-FUMSSAR, convocou seu efetivo de agentes comunit\u00e1rios de sa\u00fade e de endemias, bem como detentores de cargos em comiss\u00e3o e fun\u00e7\u00f5es gratificadas. A Prefeitura Municipal de Santa Rosa mobilizou secret\u00e1rios, diretores e coordenadores para refor\u00e7ando as equipes. O 19\u00ba RCMEC disponibilizou cerca de 300 militares que atuaram junto com os agentes visitando resid\u00eancias orientando moradores. A 14\u00aa Coordenadoria Regional de Sa\u00fade participou da a\u00e7\u00e3o com servidores, bem como a membros da defesa civil do estado e do munic\u00edpio e de volunt\u00e1rios.<\/p>\n<p>\u00a0\u00a0\u00a0\u00a0\u00a0\u00a0\u00a0\u00a0\u00a0\u00a0\u00a0 Al\u00e9m das visitas feitas pelos agentes e militares, uma grande mobiliza\u00e7\u00e3o foi realizada iniciando com uma blitz educativa na pra\u00e7a do bairro Cruzeiro e logos ap\u00f3s uma carreata deslocou-se at\u00e9 o centro da cidade para a realiza\u00e7\u00e3o de uma caminhada pelas ruas centrais da cidade, visitando lojas comerciais e orientando pedestres que circulavam pelas cal\u00e7adas. O presidente substituto da FUMSSAR, Aldair Melchior avaliou a a\u00e7\u00e3o como muito efetiva e positiva<\/p>\n<p>O prefeito em exerc\u00edcio Dr. Lu\u00eds Ant\u00f4nio Benvegn\u00fa classificou a grande mobiliza\u00e7\u00e3o como um alerta para a popula\u00e7\u00e3o, para ele toda a a\u00e7\u00e3o realizada deve permanecer remanescente nas mais diversas comunidades uma vez que a na\u00e7\u00e3o toda est\u00e1 assustada com a presen\u00e7a do mosquito e os males que ele pode causar. Benvegn\u00fa agradeceu a contribui\u00e7\u00e3o de todos, mas principalmente aos militares do 19\u00ba RCMEC que refor\u00e7aram as a\u00e7\u00f5es que o poder p\u00fablico vinha realizando no combate ao Aedes. \u201cTodos deram sua contribui\u00e7\u00e3o, mas as atua\u00e7\u00f5es dos militares foram muito importantes neste dia\u201d destacou Benvegn\u00fa.<\/p>\n<p>Na manh\u00e3 desta segunda-feira, 15, a Sala de Coordena\u00e7\u00e3o e Combate ao Aedes aegypti, fez um levantamento dos dados sobre a a\u00e7\u00e3o de s\u00e1bado que resultaram em 5390 domic\u00edlios sendo que em 353 foram encontrados focos de mosquitos, os visitadores encontraram 447 im\u00f3veis fechados e 17 moradores recusaram as vistorias. O presidente substituto da FUMSSAR, Aldair Melchior avaliou a a\u00e7\u00e3o como muito efetiva e positiva e que os n\u00fameros apresentados foram satisfat\u00f3rios, mas que\u00a0 a a\u00e7\u00e3o de combate permanecer\u00e1 intensa com os agentes e os 30 militares disponibilizados pelo 19\u00ba RCMEC. A FUMSSAR apresentou ainda os n\u00fameros apurados de visitas durante o m\u00eas de fevereiro at\u00e9 o presente momento que s\u00e3o: Im\u00f3veis trabalhados 14 136, com foco 732 im\u00f3veis fechados 3422 recusados 43 e 9939 sem foco do mosquito.<\/p>\n<p>&nbsp;<\/p>\n","protected":false},"excerpt":{"rendered":"<p>Uma grande mobiliza\u00e7\u00e3o tomou conta de Santa Rosa durante o s\u00e1bado, 13, Dia Nacional de&#8230;<\/p>\n","protected":false},"author":11,"featured_media":6479,"comment_status":"open","ping_status":"open","sticky":false,"template":"","format":"standard","meta":{"footnotes":""},"categories":[2],"tags":[],"_links":{"self":[{"href":"https:\/\/www.fumssar.com.br\/index.php?rest_route=\/wp\/v2\/posts\/6481"}],"collection":[{"href":"https:\/\/www.fumssar.com.br\/index.php?rest_route=\/wp\/v2\/posts"}],"about":[{"href":"https:\/\/www.fumssar.com.br\/index.php?rest_route=\/wp\/v2\/types\/post"}],"author":[{"embeddable":true,"href":"https:\/\/www.fumssar.com.br\/index.php?rest_route=\/wp\/v2\/users\/11"}],"replies":[{"embeddable":true,"href":"https:\/\/www.fumssar.com.br\/index.php?rest_route=%2Fwp%2Fv2%2Fcomments&post=6481"}],"version-history":[{"count":1,"href":"https:\/\/www.fumssar.com.br\/index.php?rest_route=\/wp\/v2\/posts\/6481\/revisions"}],"predecessor-version":[{"id":6482,"href":"https:\/\/www.fumssar.com.br\/index.php?rest_route=\/wp\/v2\/posts\/6481\/revisions\/6482"}],"wp:featuredmedia":[{"embeddable":true,"href":"https:\/\/www.fumssar.com.br\/index.php?rest_route=\/wp\/v2\/media\/6479"}],"wp:attachment":[{"href":"https:\/\/www.fumssar.com.br\/index.php?rest_route=%2Fwp%2Fv2%2Fmedia&parent=6481"}],"wp:term":[{"taxonomy":"category","embeddable":true,"href":"https:\/\/www.fumssar.com.br\/index.php?rest_route=%2Fwp%2Fv2%2Fcategories&post=6481"},{"taxonomy":"post_tag","embeddable":true,"href":"https:\/\/www.fumssar.com.br\/index.php?rest_route=%2Fwp%2Fv2%2Ftags&post=6481"}],"curies":[{"name":"wp","href":"https:\/\/api.w.org\/{rel}","templated":true}]}}