{"id":6459,"date":"2016-02-05T10:19:20","date_gmt":"2016-02-05T13:19:20","guid":{"rendered":"http:\/\/www.fumssar.com.br\/?p=6459"},"modified":"2024-10-07T16:35:53","modified_gmt":"2024-10-07T19:35:53","slug":"comunidade-do-bairro-planalto-prepara-acoes-de-combate-ao-aedes-aegypti","status":"publish","type":"post","link":"https:\/\/www.fumssar.com.br\/?p=6459","title":{"rendered":"Comunidade do bairro Planalto prepara a\u00e7\u00f5es de combate ao Aedes aegypti"},"content":{"rendered":"<p>Lideran\u00e7as do bairro Planalto estiveram reunidas na tarde desta quinta-feira,4, juntamente com a equipe da unidade b\u00e1sica de sa\u00fade e integrantes da Funda\u00e7\u00e3o Municipal de Sa\u00fade de Santa Rosa-FUMSSAR. A pauta do encontro foi mobilizar a comunidade do bairro para combater o mosquito Aedes aegypti. V\u00e1rias a\u00e7\u00f5es foram discutidas pelos participantes da reuni\u00e3o, entre elas unir mais lideran\u00e7as e moradores para que todos participem de caminhadas alertando os moradores na import\u00e2ncia da preven\u00e7\u00e3o, orientando os propriet\u00e1rios dos im\u00f3veis para que evitem os poss\u00edveis criadores do mosquito que hoje assusta a popula\u00e7\u00e3o mundial. A ideia \u00e9 de que sejam multiplicadas as a\u00e7\u00f5es para os diversos setores da comunidade envolvendo lideran\u00e7as, comunit\u00e1rias, religiosas, educativas objetivando alcan\u00e7ar o maior n\u00famero de pessoas poss\u00edveis. O presidente da FUMSSAR, Dr. Lu\u00eds Ant\u00f4nio Benvegn\u00fa participou do evento e colocou aos presentes as formas de como s\u00e3o formados os criadouros, frisando que o Poder P\u00fablico est\u00e1 muito empenhado em prevenir combater, mas que a comunidade pode refor\u00e7ar ainda mais as a\u00e7\u00f5es de combate ao vetor que pode trazer muitos problemas para a sa\u00fade da popula\u00e7\u00e3o. \u201cFiz quest\u00e3o de participar deste encontro, pois devemos valorizar muito este tipo de mobiliza\u00e7\u00e3o que \u00e9 muito v\u00e1lida a participa\u00e7\u00e3o da comunidade num momento preocupante\u201d. Ressaltou Benvegn\u00fa. Outras comunidades j\u00e1 est\u00e3o mobilizadas com o mesmo objetivo que s\u00e3o: Agr\u00edcola, Auxiliadora e Balne\u00e1ria.<\/p>\n<p>&nbsp;<\/p>\n<p><a href=\"http:\/\/www.fumssar.com.br\/wp-content\/uploads\/2016\/02\/planalto-3.jpg\"><img loading=\"lazy\" decoding=\"async\" class=\"alignnone size-medium wp-image-6463\" alt=\"planalto 3\" src=\"http:\/\/www.fumssar.com.br\/wp-content\/uploads\/2016\/02\/planalto-3-300x200.jpg\" width=\"300\" height=\"200\" srcset=\"https:\/\/www.fumssar.com.br\/wp-content\/uploads\/2016\/02\/planalto-3-300x200.jpg 300w, https:\/\/www.fumssar.com.br\/wp-content\/uploads\/2016\/02\/planalto-3.jpg 800w\" sizes=\"(max-width: 300px) 100vw, 300px\" \/><\/a><\/p>\n<p>&nbsp;<\/p>\n","protected":false},"excerpt":{"rendered":"<p>Lideran\u00e7as do bairro Planalto estiveram reunidas na tarde desta quinta-feira,4, juntamente com a equipe da&#8230;<\/p>\n","protected":false},"author":11,"featured_media":6460,"comment_status":"open","ping_status":"open","sticky":false,"template":"","format":"standard","meta":{"footnotes":""},"categories":[2],"tags":[],"_links":{"self":[{"href":"https:\/\/www.fumssar.com.br\/index.php?rest_route=\/wp\/v2\/posts\/6459"}],"collection":[{"href":"https:\/\/www.fumssar.com.br\/index.php?rest_route=\/wp\/v2\/posts"}],"about":[{"href":"https:\/\/www.fumssar.com.br\/index.php?rest_route=\/wp\/v2\/types\/post"}],"author":[{"embeddable":true,"href":"https:\/\/www.fumssar.com.br\/index.php?rest_route=\/wp\/v2\/users\/11"}],"replies":[{"embeddable":true,"href":"https:\/\/www.fumssar.com.br\/index.php?rest_route=%2Fwp%2Fv2%2Fcomments&post=6459"}],"version-history":[{"count":1,"href":"https:\/\/www.fumssar.com.br\/index.php?rest_route=\/wp\/v2\/posts\/6459\/revisions"}],"predecessor-version":[{"id":6464,"href":"https:\/\/www.fumssar.com.br\/index.php?rest_route=\/wp\/v2\/posts\/6459\/revisions\/6464"}],"wp:featuredmedia":[{"embeddable":true,"href":"https:\/\/www.fumssar.com.br\/index.php?rest_route=\/wp\/v2\/media\/6460"}],"wp:attachment":[{"href":"https:\/\/www.fumssar.com.br\/index.php?rest_route=%2Fwp%2Fv2%2Fmedia&parent=6459"}],"wp:term":[{"taxonomy":"category","embeddable":true,"href":"https:\/\/www.fumssar.com.br\/index.php?rest_route=%2Fwp%2Fv2%2Fcategories&post=6459"},{"taxonomy":"post_tag","embeddable":true,"href":"https:\/\/www.fumssar.com.br\/index.php?rest_route=%2Fwp%2Fv2%2Ftags&post=6459"}],"curies":[{"name":"wp","href":"https:\/\/api.w.org\/{rel}","templated":true}]}}