{"id":6450,"date":"2016-02-03T16:30:24","date_gmt":"2016-02-03T19:30:24","guid":{"rendered":"http:\/\/www.fumssar.com.br\/?p=6450"},"modified":"2024-10-07T16:35:53","modified_gmt":"2024-10-07T19:35:53","slug":"formada-a-5a-turma-em-residencia-multiprofissional-fumssarunijui","status":"publish","type":"post","link":"https:\/\/www.fumssar.com.br\/?p=6450","title":{"rendered":"Formada a 5\u00aa Turma em Resid\u00eancia Multiprofissional FUMSSAR\/UNIJU\u00cd"},"content":{"rendered":"<p>\u00a0\u00a0\u00a0\u00a0\u00a0\u00a0\u00a0\u00a0\u00a0\u00a0\u00a0\u00a0\u00a0\u00a0\u00a0\u00a0\u00a0\u00a0 Um evento realizado na sexta-feira, 29, marcou o encerramento da 5\u00aa Turma de Resid\u00eancia Multiprofissional em Sa\u00fade da Fam\u00edlia da FUMSSAR \/UNIJU\u00cd. Os formandos s\u00e3o profissionais de diversas \u00e1reas de sa\u00fade e cursam a resid\u00eancia durante dois anos e recebem a titula\u00e7\u00e3o de Especialistas em Sa\u00fade da Fam\u00edlia recebendo uma bolsa durante o curso financiada pelo Minist\u00e9rio da Sa\u00fade. Os residentes recebem as aulas te\u00f3ricas na UNIJU\u00cd e a parte pr\u00e1tica \u00e9 realizada na rede de aten\u00e7\u00e3o prim\u00e1ria da FUMSSAR. A solenidade contou com a presen\u00e7a de autoridades, de representantes das duas institui\u00e7\u00f5es respons\u00e1veis pelo curso, autoridades e familiares dos formandos, num evento contagiado pela emo\u00e7\u00e3o e de homenagens. O professor Lu\u00eds L\u00f3i falou em e nome da UNIJU\u00cd destacando a import\u00e2ncia da institui\u00e7\u00e3o participar na forma\u00e7\u00e3o de profissionais especialistas na \u00e1rea de sa\u00fade da fam\u00edlia ofertando m\u00e3o de obra qualificada no mercado de trabalho. O presidente da FUMSSAR, Dr. Lu\u00eds Ant\u00f4nio Benvegn\u00fa ressaltou que a parceria FUMSSAR\/UNIJU\u00cd tem uma refer\u00eancia \u00e0 n\u00edvel de pa\u00eds, pois seguidamente ele encontra profissionais atuando em diversas regi\u00f5es do estado e do Pa\u00eds atuando com destaque em suas profiss\u00f5es. No s\u00e1bado,30, foi realizada a sele\u00e7\u00e3o para a 7\u00aa Turma de residentes.<\/p>\n<p>FORMANDOS DA 5\u00aa TURMA RESID\u00caNCIA MULTIPROFISSIONAL EM SA\u00daDE DA FAM\u00cdLIA UNIJU\u00cd\/FUMSSAR<\/p>\n<p>ALINE RUGERI &#8211; ENFERMEIRA<br \/>\nNATURAL DE CONSTANTINA &#8211; RS<\/p>\n<p>EDENILSON FREITAS RODRIGUES &#8211; ENFERMEIRO<br \/>\nNATURAL DE ITAQUI -RS<\/p>\n<p>FL\u00c1VIA MICHELLE PEREIRA ALBUQUERQUE &#8211; PSIC\u00d3LOGA<\/p>\n<p>NATURAL DE PORTO ALEGRE -RS<\/p>\n<p>LUCIANA MELLER &#8211; EDUCADORA F\u00cdSICA<\/p>\n<p>NATURAL DE INDEPEND\u00caNCIA \u2013RS<\/p>\n<p>SILMARA BEATRIZ STEINMETZ \u2013NUTRICIONISTA<\/p>\n<p>NATURAL DE UBIRET\u00c2MA \u2013RS<\/p>\n<p>TACIANA RAQUEL GEWEHR \u2013 ENFERMEIRA<br \/>\nNATURAL DE HORIZONTINA &#8211; RS<\/p>\n<p>TATI\u00c9LE DOS SANTOS CAMARGO &#8211; ASSISTENTE SOCIAL<br \/>\nNATURAL DE IJU\u00cd -RS<\/p>\n<p>&nbsp;<\/p>\n","protected":false},"excerpt":{"rendered":"<p>\u00a0\u00a0\u00a0\u00a0\u00a0\u00a0\u00a0\u00a0\u00a0\u00a0\u00a0\u00a0\u00a0\u00a0\u00a0\u00a0\u00a0\u00a0 Um evento realizado na sexta-feira, 29, marcou o encerramento da 5\u00aa Turma de Resid\u00eancia&#8230;<\/p>\n","protected":false},"author":11,"featured_media":6451,"comment_status":"open","ping_status":"open","sticky":false,"template":"","format":"standard","meta":{"footnotes":""},"categories":[2],"tags":[],"_links":{"self":[{"href":"https:\/\/www.fumssar.com.br\/index.php?rest_route=\/wp\/v2\/posts\/6450"}],"collection":[{"href":"https:\/\/www.fumssar.com.br\/index.php?rest_route=\/wp\/v2\/posts"}],"about":[{"href":"https:\/\/www.fumssar.com.br\/index.php?rest_route=\/wp\/v2\/types\/post"}],"author":[{"embeddable":true,"href":"https:\/\/www.fumssar.com.br\/index.php?rest_route=\/wp\/v2\/users\/11"}],"replies":[{"embeddable":true,"href":"https:\/\/www.fumssar.com.br\/index.php?rest_route=%2Fwp%2Fv2%2Fcomments&post=6450"}],"version-history":[{"count":1,"href":"https:\/\/www.fumssar.com.br\/index.php?rest_route=\/wp\/v2\/posts\/6450\/revisions"}],"predecessor-version":[{"id":6452,"href":"https:\/\/www.fumssar.com.br\/index.php?rest_route=\/wp\/v2\/posts\/6450\/revisions\/6452"}],"wp:featuredmedia":[{"embeddable":true,"href":"https:\/\/www.fumssar.com.br\/index.php?rest_route=\/wp\/v2\/media\/6451"}],"wp:attachment":[{"href":"https:\/\/www.fumssar.com.br\/index.php?rest_route=%2Fwp%2Fv2%2Fmedia&parent=6450"}],"wp:term":[{"taxonomy":"category","embeddable":true,"href":"https:\/\/www.fumssar.com.br\/index.php?rest_route=%2Fwp%2Fv2%2Fcategories&post=6450"},{"taxonomy":"post_tag","embeddable":true,"href":"https:\/\/www.fumssar.com.br\/index.php?rest_route=%2Fwp%2Fv2%2Ftags&post=6450"}],"curies":[{"name":"wp","href":"https:\/\/api.w.org\/{rel}","templated":true}]}}