{"id":6445,"date":"2016-02-03T16:27:15","date_gmt":"2016-02-03T19:27:15","guid":{"rendered":"http:\/\/www.fumssar.com.br\/?p=6445"},"modified":"2024-10-07T16:35:53","modified_gmt":"2024-10-07T19:35:53","slug":"militares-entraram-no-combate-ao-aedes-aegypti-nesta-quarta-feira","status":"publish","type":"post","link":"https:\/\/www.fumssar.com.br\/?p=6445","title":{"rendered":"Militares entraram no combate ao Aedes aegypti nesta quarta-feira"},"content":{"rendered":"<p>Nesta ter\u00e7a-feira, 02, militares do 19\u00ba Regimento de Cavalaria Mecanizada de Santa Rosa. O 19\u00ba RCMEC receberam orienta\u00e7\u00f5es para atuarem no combate ao mosquito Aedes aegypti em Santa Rosa. Um efetivo de 30 integrantes da unidade militar que estar\u00e3o visitando resid\u00eancias e demais locais do munic\u00edpio, orientando \u00a0moradores e buscando localizar poss\u00edveis focos do mosquito, juntamente com os agentes de endemias e de sa\u00fade da FUMSSAR. O comandante do Regimento o Tenente Coronel Vilmar Carlotto J\u00fanior acompanhou a a\u00e7\u00e3o de treinamento dos militares que foi ministrada pelo presidente da Funda\u00e7\u00e3o Municipal de Sa\u00fade-FUMSSAR Dr. Lu\u00eds Ant\u00f4nio Benvegn\u00fa e do diretor da Gest\u00e3o administrativa Aldair Melchior. A cidade foi mapeada e toda a a\u00e7\u00e3o di\u00e1ria estar\u00e1 ligada \u00e0 unidade de sa\u00fade dos bairros e vilas, onde o trabalho inicia e encerra diariamente. Os dados e relat\u00f3rios ser\u00e3o enviados pela unidade para a Sala Municipal de Coordena\u00e7\u00e3o e Combate ao Aedes aegypti de onde toda a opera\u00e7\u00e3o ser\u00e1 coordenada, planejada e avaliada. O munic\u00edpio de Santa Rosa possui 23 agentes de endemias e cerca de 90 agentes de sa\u00fade, com a incorpora\u00e7\u00e3o dos 30 militares, a expectativa \u00e9 que cerca de 150 pessoas estejam trabalhando na a\u00e7\u00e3o, que prev\u00ea a visita\u00e7\u00e3o de cerca de mais de 30 mil im\u00f3veis em Santa Rosa durante o m\u00eas de fevereiro.<\/p>\n<p>\u00a0<a href=\"http:\/\/www.fumssar.com.br\/wp-content\/uploads\/2016\/02\/militares-2.jpg\"><img loading=\"lazy\" decoding=\"async\" class=\"alignnone size-medium wp-image-6448\" alt=\"militares 2\" src=\"http:\/\/www.fumssar.com.br\/wp-content\/uploads\/2016\/02\/militares-2-300x200.jpg\" width=\"300\" height=\"200\" srcset=\"https:\/\/www.fumssar.com.br\/wp-content\/uploads\/2016\/02\/militares-2-300x200.jpg 300w, https:\/\/www.fumssar.com.br\/wp-content\/uploads\/2016\/02\/militares-2.jpg 800w\" sizes=\"(max-width: 300px) 100vw, 300px\" \/><\/a><\/p>\n","protected":false},"excerpt":{"rendered":"<p>Nesta ter\u00e7a-feira, 02, militares do 19\u00ba Regimento de Cavalaria Mecanizada de Santa Rosa. O 19\u00ba&#8230;<\/p>\n","protected":false},"author":11,"featured_media":6447,"comment_status":"open","ping_status":"open","sticky":false,"template":"","format":"standard","meta":{"footnotes":""},"categories":[2],"tags":[],"_links":{"self":[{"href":"https:\/\/www.fumssar.com.br\/index.php?rest_route=\/wp\/v2\/posts\/6445"}],"collection":[{"href":"https:\/\/www.fumssar.com.br\/index.php?rest_route=\/wp\/v2\/posts"}],"about":[{"href":"https:\/\/www.fumssar.com.br\/index.php?rest_route=\/wp\/v2\/types\/post"}],"author":[{"embeddable":true,"href":"https:\/\/www.fumssar.com.br\/index.php?rest_route=\/wp\/v2\/users\/11"}],"replies":[{"embeddable":true,"href":"https:\/\/www.fumssar.com.br\/index.php?rest_route=%2Fwp%2Fv2%2Fcomments&post=6445"}],"version-history":[{"count":1,"href":"https:\/\/www.fumssar.com.br\/index.php?rest_route=\/wp\/v2\/posts\/6445\/revisions"}],"predecessor-version":[{"id":6449,"href":"https:\/\/www.fumssar.com.br\/index.php?rest_route=\/wp\/v2\/posts\/6445\/revisions\/6449"}],"wp:featuredmedia":[{"embeddable":true,"href":"https:\/\/www.fumssar.com.br\/index.php?rest_route=\/wp\/v2\/media\/6447"}],"wp:attachment":[{"href":"https:\/\/www.fumssar.com.br\/index.php?rest_route=%2Fwp%2Fv2%2Fmedia&parent=6445"}],"wp:term":[{"taxonomy":"category","embeddable":true,"href":"https:\/\/www.fumssar.com.br\/index.php?rest_route=%2Fwp%2Fv2%2Fcategories&post=6445"},{"taxonomy":"post_tag","embeddable":true,"href":"https:\/\/www.fumssar.com.br\/index.php?rest_route=%2Fwp%2Fv2%2Ftags&post=6445"}],"curies":[{"name":"wp","href":"https:\/\/api.w.org\/{rel}","templated":true}]}}