{"id":6442,"date":"2016-02-03T16:13:05","date_gmt":"2016-02-03T19:13:05","guid":{"rendered":"http:\/\/www.fumssar.com.br\/?p=6442"},"modified":"2024-10-07T16:35:53","modified_gmt":"2024-10-07T19:35:53","slug":"santa-rosa-implantou-a-sala-municipal-de-coordenacao-e-combate-ao-aedes-aegypti","status":"publish","type":"post","link":"https:\/\/www.fumssar.com.br\/?p=6442","title":{"rendered":"Santa Rosa implantou a Sala Municipal de Coordena\u00e7\u00e3o e Combate ao Aedes aegypti"},"content":{"rendered":"<p>A administra\u00e7\u00e3o municipal de Santa Rosa atrav\u00e9s da Funda\u00e7\u00e3o Municipal de Sa\u00fade \u2013 FUMSSAR, implantou na quarta-feira,3, a \u201cSala Municipal de Coordena\u00e7\u00e3o e Combate ao Aedes aegypti\u201d, que \u00e9 vinculada ao presidente da FUMSSAR Dr. Lu\u00eds Ant\u00f4nio Benvegn\u00fa. Benvegn\u00fa \u00a0explicou que no local estar\u00e3o sendo planejadas e coordenadas todas as a\u00e7\u00f5es executadas no combate ao mosquito, e o processamento dos dados vindos das visitas realizadas pelos agentes de e endemias e de sa\u00fade e os militares que est\u00e3o atuando\u00a0 nas comunidades. O presidente ressaltou ainda que foi tra\u00e7ado um novo plano de a\u00e7\u00e3o para o combate ao mosquito com objetivando atingir todos os im\u00f3veis do munic\u00edpio at\u00e9 o final do m\u00eas. \u201c Esta sala ser\u00e1 o nosso local de planejamento e controle de todas a\u00e7\u00f5es, aqui tamb\u00e9m sair\u00e3o todas as informa\u00e7\u00f5es apuradas\u201d ressaltou\u00a0 Benvegn\u00fa. Prestigiaram o evento autoridades e lideran\u00e7as da comunidade diretamente envolvidas com quest\u00e3o. O prefeito Alcides Vicini \u00a0destacou que\u00a0 a prefeitura tem se empenhado muito nesta a\u00e7\u00e3o, e que a estrutura oferecida\u00a0 atrav\u00e9s da sala ir\u00e1 organizar ainda mais as atividades. \u201c Temos nos empenhado muito envolvendo outras secretarias, e esta concentra\u00e7\u00e3o de informa\u00e7\u00f5es\u00a0 aqui ser\u00e1 muito importante. Frisou Vicini.<\/p>\n","protected":false},"excerpt":{"rendered":"<p>A administra\u00e7\u00e3o municipal de Santa Rosa atrav\u00e9s da Funda\u00e7\u00e3o Municipal de Sa\u00fade \u2013 FUMSSAR, implantou&#8230;<\/p>\n","protected":false},"author":11,"featured_media":6443,"comment_status":"open","ping_status":"open","sticky":false,"template":"","format":"standard","meta":{"footnotes":""},"categories":[2],"tags":[],"_links":{"self":[{"href":"https:\/\/www.fumssar.com.br\/index.php?rest_route=\/wp\/v2\/posts\/6442"}],"collection":[{"href":"https:\/\/www.fumssar.com.br\/index.php?rest_route=\/wp\/v2\/posts"}],"about":[{"href":"https:\/\/www.fumssar.com.br\/index.php?rest_route=\/wp\/v2\/types\/post"}],"author":[{"embeddable":true,"href":"https:\/\/www.fumssar.com.br\/index.php?rest_route=\/wp\/v2\/users\/11"}],"replies":[{"embeddable":true,"href":"https:\/\/www.fumssar.com.br\/index.php?rest_route=%2Fwp%2Fv2%2Fcomments&post=6442"}],"version-history":[{"count":1,"href":"https:\/\/www.fumssar.com.br\/index.php?rest_route=\/wp\/v2\/posts\/6442\/revisions"}],"predecessor-version":[{"id":6444,"href":"https:\/\/www.fumssar.com.br\/index.php?rest_route=\/wp\/v2\/posts\/6442\/revisions\/6444"}],"wp:featuredmedia":[{"embeddable":true,"href":"https:\/\/www.fumssar.com.br\/index.php?rest_route=\/wp\/v2\/media\/6443"}],"wp:attachment":[{"href":"https:\/\/www.fumssar.com.br\/index.php?rest_route=%2Fwp%2Fv2%2Fmedia&parent=6442"}],"wp:term":[{"taxonomy":"category","embeddable":true,"href":"https:\/\/www.fumssar.com.br\/index.php?rest_route=%2Fwp%2Fv2%2Fcategories&post=6442"},{"taxonomy":"post_tag","embeddable":true,"href":"https:\/\/www.fumssar.com.br\/index.php?rest_route=%2Fwp%2Fv2%2Ftags&post=6442"}],"curies":[{"name":"wp","href":"https:\/\/api.w.org\/{rel}","templated":true}]}}