{"id":6408,"date":"2016-02-01T16:02:03","date_gmt":"2016-02-01T19:02:03","guid":{"rendered":"http:\/\/www.fumssar.com.br\/?p=6408"},"modified":"2024-10-07T16:35:53","modified_gmt":"2024-10-07T19:35:53","slug":"vigilancia-em-saude-tem-novo-gerente","status":"publish","type":"post","link":"https:\/\/www.fumssar.com.br\/?p=6408","title":{"rendered":"Vigil\u00e2ncia em Sa\u00fade tem novo Gerente"},"content":{"rendered":"<p>O presidente da Funda\u00e7\u00e3o Municipal de Sa\u00fade \u2013 FUMSSAR, anunciou na tarde de sexta-feira, 29 o\u00a0 novo gerente do setor de Vigil\u00e2ncia em Sa\u00fade\u00a0 do munic\u00edpio. Clairton Szefezuk, 57 anos \u00e9 funcion\u00e1rio do quadro da FUMSSAR, atuando como supervisor de campo e apoio no combate \u00e0s endemias desde 2014. As a\u00e7\u00f5es de combate ao Aedes est\u00e3o diretamente sob o comando do presidente da FUMSSAR, por determina\u00e7\u00e3o do Prefeito Alcides Vicini, portanto o novo gerente estar\u00e1 sempre em sintonia com o presidente.<\/p>\n","protected":false},"excerpt":{"rendered":"<p>O presidente da Funda\u00e7\u00e3o Municipal de Sa\u00fade \u2013 FUMSSAR, anunciou na tarde de sexta-feira, 29&#8230;<\/p>\n","protected":false},"author":11,"featured_media":6409,"comment_status":"open","ping_status":"open","sticky":false,"template":"","format":"standard","meta":{"footnotes":""},"categories":[2],"tags":[],"_links":{"self":[{"href":"https:\/\/www.fumssar.com.br\/index.php?rest_route=\/wp\/v2\/posts\/6408"}],"collection":[{"href":"https:\/\/www.fumssar.com.br\/index.php?rest_route=\/wp\/v2\/posts"}],"about":[{"href":"https:\/\/www.fumssar.com.br\/index.php?rest_route=\/wp\/v2\/types\/post"}],"author":[{"embeddable":true,"href":"https:\/\/www.fumssar.com.br\/index.php?rest_route=\/wp\/v2\/users\/11"}],"replies":[{"embeddable":true,"href":"https:\/\/www.fumssar.com.br\/index.php?rest_route=%2Fwp%2Fv2%2Fcomments&post=6408"}],"version-history":[{"count":1,"href":"https:\/\/www.fumssar.com.br\/index.php?rest_route=\/wp\/v2\/posts\/6408\/revisions"}],"predecessor-version":[{"id":6410,"href":"https:\/\/www.fumssar.com.br\/index.php?rest_route=\/wp\/v2\/posts\/6408\/revisions\/6410"}],"wp:featuredmedia":[{"embeddable":true,"href":"https:\/\/www.fumssar.com.br\/index.php?rest_route=\/wp\/v2\/media\/6409"}],"wp:attachment":[{"href":"https:\/\/www.fumssar.com.br\/index.php?rest_route=%2Fwp%2Fv2%2Fmedia&parent=6408"}],"wp:term":[{"taxonomy":"category","embeddable":true,"href":"https:\/\/www.fumssar.com.br\/index.php?rest_route=%2Fwp%2Fv2%2Fcategories&post=6408"},{"taxonomy":"post_tag","embeddable":true,"href":"https:\/\/www.fumssar.com.br\/index.php?rest_route=%2Fwp%2Fv2%2Ftags&post=6408"}],"curies":[{"name":"wp","href":"https:\/\/api.w.org\/{rel}","templated":true}]}}