{"id":6404,"date":"2016-02-01T13:23:47","date_gmt":"2016-02-01T16:23:47","guid":{"rendered":"http:\/\/www.fumssar.com.br\/?p=6404"},"modified":"2024-10-07T16:35:53","modified_gmt":"2024-10-07T19:35:53","slug":"santa-rosa-prepara-grande-operacao-no-combate-ao-aedes","status":"publish","type":"post","link":"https:\/\/www.fumssar.com.br\/?p=6404","title":{"rendered":"Santa Rosa prepara grande opera\u00e7\u00e3o no combate ao Aedes"},"content":{"rendered":"<p>Al\u00e9m das a\u00e7\u00f5es intensas que a administra\u00e7\u00e3o municipal de Santa Rosa vem fazendo no combate ao mosquito Aedes aegypti, na pr\u00f3xima semana inicia uma opera\u00e7\u00e3o ainda mais intensa. Durante este final de semana o Presidente da Funda\u00e7\u00e3o Municipal de Sa\u00fade- FUMSSAR, Dr. Lu\u00eds Ant\u00f4nio Benvegn\u00fa, reuniu diretores e gerentes da pasta, para que as novas a\u00e7\u00f5es fossem planejadas. Na segunda \u2013 feira, 01, os agentes de endemias na parte da manh\u00e3 estr\u00e3o recebendo as novas orienta\u00e7\u00f5es e na parte da tarde os agentes comunit\u00e1rios de sa\u00fade tamb\u00e9m ser\u00e3o orientados.<\/p>\n<p>\u00a0\u00a0\u00a0\u00a0\u00a0\u00a0\u00a0\u00a0 Um grupo de militares do Regimento de Cavalaria Mecanizada -19\u00ba RCMEC de Santa Rosa passar\u00e1 a atuar junto com os agentes na a\u00e7\u00e3o, conforme ficou acordado com o comandante da unidade militar o Tenente Coronel Vilmar Carlotto j\u00fanior em reuni\u00e3o realizada na sexta-feira 29 com o diretor da Gest\u00e3o Administrativa da FUMSSAR Aldair Melchior. Os militares passar\u00e3o por uma capacita\u00e7\u00e3o na ter\u00e7a-feira, 02 e j\u00e1 no dia seguinte entrar\u00e3o em a\u00e7\u00e3o com os agentes de endemias e de sa\u00fade.\u00a0 Benvegn\u00fa destacou que est\u00e1 sendo criada a \u201cSala Municipal de Combate ao Aedes\u201d, local este que concentrar\u00e1 as a\u00e7\u00f5es e o monitoramento do combate ao mosquito.\u00a0 \u201cA administra\u00e7\u00e3o de Santa Rosa mant\u00e9m um trabalho intenso no combate ao Aedes, mas temos que entrar com uma a\u00e7\u00e3o mais forte para combater este inseto que poder\u00e1 causar danos \u00e0 sa\u00fade de nossa popula\u00e7\u00e3o\u201d frisou o presidente da FUMSSAR.<\/p>\n<p>&nbsp;<\/p>\n<p><a href=\"http:\/\/www.fumssar.com.br\/wp-content\/uploads\/2016\/02\/foto-dengue.jpg\"><img loading=\"lazy\" decoding=\"async\" class=\"alignnone size-medium wp-image-6406\" alt=\"foto dengue\" src=\"http:\/\/www.fumssar.com.br\/wp-content\/uploads\/2016\/02\/foto-dengue-300x200.jpg\" width=\"300\" height=\"200\" srcset=\"https:\/\/www.fumssar.com.br\/wp-content\/uploads\/2016\/02\/foto-dengue-300x200.jpg 300w, https:\/\/www.fumssar.com.br\/wp-content\/uploads\/2016\/02\/foto-dengue.jpg 800w\" sizes=\"(max-width: 300px) 100vw, 300px\" \/><\/a><\/p>\n","protected":false},"excerpt":{"rendered":"<p>Al\u00e9m das a\u00e7\u00f5es intensas que a administra\u00e7\u00e3o municipal de Santa Rosa vem fazendo no combate&#8230;<\/p>\n","protected":false},"author":11,"featured_media":6405,"comment_status":"open","ping_status":"open","sticky":false,"template":"","format":"standard","meta":{"footnotes":""},"categories":[2],"tags":[],"_links":{"self":[{"href":"https:\/\/www.fumssar.com.br\/index.php?rest_route=\/wp\/v2\/posts\/6404"}],"collection":[{"href":"https:\/\/www.fumssar.com.br\/index.php?rest_route=\/wp\/v2\/posts"}],"about":[{"href":"https:\/\/www.fumssar.com.br\/index.php?rest_route=\/wp\/v2\/types\/post"}],"author":[{"embeddable":true,"href":"https:\/\/www.fumssar.com.br\/index.php?rest_route=\/wp\/v2\/users\/11"}],"replies":[{"embeddable":true,"href":"https:\/\/www.fumssar.com.br\/index.php?rest_route=%2Fwp%2Fv2%2Fcomments&post=6404"}],"version-history":[{"count":1,"href":"https:\/\/www.fumssar.com.br\/index.php?rest_route=\/wp\/v2\/posts\/6404\/revisions"}],"predecessor-version":[{"id":6407,"href":"https:\/\/www.fumssar.com.br\/index.php?rest_route=\/wp\/v2\/posts\/6404\/revisions\/6407"}],"wp:featuredmedia":[{"embeddable":true,"href":"https:\/\/www.fumssar.com.br\/index.php?rest_route=\/wp\/v2\/media\/6405"}],"wp:attachment":[{"href":"https:\/\/www.fumssar.com.br\/index.php?rest_route=%2Fwp%2Fv2%2Fmedia&parent=6404"}],"wp:term":[{"taxonomy":"category","embeddable":true,"href":"https:\/\/www.fumssar.com.br\/index.php?rest_route=%2Fwp%2Fv2%2Fcategories&post=6404"},{"taxonomy":"post_tag","embeddable":true,"href":"https:\/\/www.fumssar.com.br\/index.php?rest_route=%2Fwp%2Fv2%2Ftags&post=6404"}],"curies":[{"name":"wp","href":"https:\/\/api.w.org\/{rel}","templated":true}]}}