{"id":6357,"date":"2016-01-15T14:33:15","date_gmt":"2016-01-15T17:33:15","guid":{"rendered":"http:\/\/www.fumssar.com.br\/?p=6357"},"modified":"2024-10-07T16:35:53","modified_gmt":"2024-10-07T19:35:53","slug":"comunidades-estao-mobilizadas-no-combate-ao-aedes-aegypti","status":"publish","type":"post","link":"https:\/\/www.fumssar.com.br\/?p=6357","title":{"rendered":"Comunidades est\u00e3o mobilizadas no combate ao Aedes Aegypti"},"content":{"rendered":"<p>Duas comunidades de Santa Rosa est\u00e3o mobilizadas atrav\u00e9s de moradores volunt\u00e1rios visando o combate ao mosquito Aedes Aegypti. A diretoria da Associa\u00e7\u00e3o de Moradores \u00a0do Bairro Auxiliadora est\u00e1 mobilizada e durante este final de semana far\u00e3o visitas nas resid\u00eancias alertando os moradores para que tomem os devidos cuidados em seus im\u00f3veis bem como em logradouros p\u00fablicos. Em uma reuni\u00e3o realizada na Vila Balne\u00e1ria, o assunto foi discutido e muitos volunt\u00e1rios de propuseram a unir-se a Unidade B\u00e1sica de Sa\u00fade para desenvolverem a\u00e7\u00f5es na comunidade. Durante o encontro a diretora da Gest\u00e3o em Aten\u00e7\u00e3o Prim\u00e1ria em Sa\u00fade Elisiane Bisognin destacou aos presentes a import\u00e2ncia destas a\u00e7\u00f5es conjuntas entre a equipe do posto e comunidade que ir\u00e3o dar bons resultados. Para o presidente interino da FUMSSAR, esta mobiliza\u00e7\u00e3o\u00a0 vem refor\u00e7ar o trabalho do poder p\u00fablico, pois a administra\u00e7\u00e3o municipal n\u00e3o consegue combater sozinha. Melchior destacou tamb\u00e9m que existem algumas a\u00e7\u00f5es isoladas de pessoas no combate ao mosquito que devem ser reconhecidas.<\/p>\n","protected":false},"excerpt":{"rendered":"<p>Duas comunidades de Santa Rosa est\u00e3o mobilizadas atrav\u00e9s de moradores volunt\u00e1rios visando o combate ao&#8230;<\/p>\n","protected":false},"author":11,"featured_media":6358,"comment_status":"open","ping_status":"open","sticky":false,"template":"","format":"standard","meta":{"footnotes":""},"categories":[2],"tags":[],"_links":{"self":[{"href":"https:\/\/www.fumssar.com.br\/index.php?rest_route=\/wp\/v2\/posts\/6357"}],"collection":[{"href":"https:\/\/www.fumssar.com.br\/index.php?rest_route=\/wp\/v2\/posts"}],"about":[{"href":"https:\/\/www.fumssar.com.br\/index.php?rest_route=\/wp\/v2\/types\/post"}],"author":[{"embeddable":true,"href":"https:\/\/www.fumssar.com.br\/index.php?rest_route=\/wp\/v2\/users\/11"}],"replies":[{"embeddable":true,"href":"https:\/\/www.fumssar.com.br\/index.php?rest_route=%2Fwp%2Fv2%2Fcomments&post=6357"}],"version-history":[{"count":1,"href":"https:\/\/www.fumssar.com.br\/index.php?rest_route=\/wp\/v2\/posts\/6357\/revisions"}],"predecessor-version":[{"id":6359,"href":"https:\/\/www.fumssar.com.br\/index.php?rest_route=\/wp\/v2\/posts\/6357\/revisions\/6359"}],"wp:featuredmedia":[{"embeddable":true,"href":"https:\/\/www.fumssar.com.br\/index.php?rest_route=\/wp\/v2\/media\/6358"}],"wp:attachment":[{"href":"https:\/\/www.fumssar.com.br\/index.php?rest_route=%2Fwp%2Fv2%2Fmedia&parent=6357"}],"wp:term":[{"taxonomy":"category","embeddable":true,"href":"https:\/\/www.fumssar.com.br\/index.php?rest_route=%2Fwp%2Fv2%2Fcategories&post=6357"},{"taxonomy":"post_tag","embeddable":true,"href":"https:\/\/www.fumssar.com.br\/index.php?rest_route=%2Fwp%2Fv2%2Ftags&post=6357"}],"curies":[{"name":"wp","href":"https:\/\/api.w.org\/{rel}","templated":true}]}}