{"id":6314,"date":"2016-01-07T15:50:08","date_gmt":"2016-01-07T18:50:08","guid":{"rendered":"http:\/\/www.fumssar.com.br\/?p=6314"},"modified":"2024-10-07T16:35:54","modified_gmt":"2024-10-07T19:35:54","slug":"fumssar-intensifica-acoes-internas-no-combate-ao-mosquito-aedes","status":"publish","type":"post","link":"https:\/\/www.fumssar.com.br\/?p=6314","title":{"rendered":"FUMSSAR intensifica a\u00e7\u00f5es internas no combate ao mosquito Aedes"},"content":{"rendered":"<p><a href=\"http:\/\/www.fumssar.com.br\/wp-content\/uploads\/2016\/01\/reuniao-dengue13.jpg\"><img loading=\"lazy\" decoding=\"async\" class=\"alignnone size-medium wp-image-6321\" alt=\"reuniao dengue1\" src=\"http:\/\/www.fumssar.com.br\/wp-content\/uploads\/2016\/01\/reuniao-dengue13-300x200.jpg\" width=\"300\" height=\"200\" srcset=\"https:\/\/www.fumssar.com.br\/wp-content\/uploads\/2016\/01\/reuniao-dengue13-300x200.jpg 300w, https:\/\/www.fumssar.com.br\/wp-content\/uploads\/2016\/01\/reuniao-dengue13.jpg 800w\" sizes=\"(max-width: 300px) 100vw, 300px\" \/><\/a><\/p>\n<p>Considerados os fatos envolvendo den\u00fancias sobre a exist\u00eancia de focos do mosquito Aedes em espa\u00e7os da Funda\u00e7\u00e3o Municipal de Sa\u00fade, ap\u00f3s reuni\u00e3o convocada pelo prefeito Alcides Vicini com o Conselho Inter-setorial de Combate \u00e0 Dengue, a FUMSSAR adotou medidas internas imediatas\u00a0 visando fortalecer ainda mais o envolvimento de todos os setores\u00a0 e em conseq\u00fc\u00eancia os setores da institui\u00e7\u00e3o,intensificando medidas de reorganiza\u00e7\u00e3o nos cuidados em cada unidade e departamento.<\/p>\n<p>\u00a0\u00a0\u00a0\u00a0\u00a0\u00a0\u00a0\u00a0 Durante todo o dia, o assunto foi pautado entre diversos setores, em reuni\u00f5es coordenadas pelo presidente interino Aldair Melchior e demais diretores. No final da tarde, em uma grande reuni\u00e3o entre presidente, diretores, gerentes, coordenadores, chefes e demais equipes, ficou decidido que todos dever\u00e3o realizar uma a\u00e7\u00e3o de pente fino em cada local,objetivando manter cuidados espec\u00edficos na prolifera\u00e7\u00e3o do inseto.O presidente interino Aldair Melchior\u00a0 ressaltou que toda uma infra estrutura\u00a0 estar\u00e1 \u00e0 servi\u00e7o da rede da FUMSSAR, se necess\u00e1rio,quando a unidade ou setor n\u00e3o tiver condi\u00e7\u00f5es de remover entulhos que possam servir de foco para a prolifera\u00e7\u00e3o. Aldair frisou que o trabalho realizado pelos agentes de endemias no combate ao mosquito tem sido intenso, e que no ano de 2014 o munic\u00edpio foi destacado como livre de casos de contamina\u00e7\u00e3o e no ano de 2015, foram registrados 13 casos. \u00a0\u201cAs a\u00e7\u00f5es desempenhadas nos tr\u00eas \u00faltimos anos, pelos nossos agentes foram intensas e nos deram bons resultados, \u00a0e vamos\u00a0 dar continuidade aos trabalhos\u201d ressaltou Aldair. No mesmo dia, foi determinado que uma vistoria fosse realizada em todas as obras da Funda\u00e7\u00e3o bem como nas academias e unidades de sa\u00fade, para detectar a situa\u00e7\u00e3o de cada local.<\/p>\n","protected":false},"excerpt":{"rendered":"<p>Considerados os fatos envolvendo den\u00fancias sobre a exist\u00eancia de focos do mosquito Aedes em espa\u00e7os&#8230;<\/p>\n","protected":false},"author":11,"featured_media":6315,"comment_status":"open","ping_status":"open","sticky":false,"template":"","format":"standard","meta":{"footnotes":""},"categories":[2],"tags":[],"_links":{"self":[{"href":"https:\/\/www.fumssar.com.br\/index.php?rest_route=\/wp\/v2\/posts\/6314"}],"collection":[{"href":"https:\/\/www.fumssar.com.br\/index.php?rest_route=\/wp\/v2\/posts"}],"about":[{"href":"https:\/\/www.fumssar.com.br\/index.php?rest_route=\/wp\/v2\/types\/post"}],"author":[{"embeddable":true,"href":"https:\/\/www.fumssar.com.br\/index.php?rest_route=\/wp\/v2\/users\/11"}],"replies":[{"embeddable":true,"href":"https:\/\/www.fumssar.com.br\/index.php?rest_route=%2Fwp%2Fv2%2Fcomments&post=6314"}],"version-history":[{"count":2,"href":"https:\/\/www.fumssar.com.br\/index.php?rest_route=\/wp\/v2\/posts\/6314\/revisions"}],"predecessor-version":[{"id":6322,"href":"https:\/\/www.fumssar.com.br\/index.php?rest_route=\/wp\/v2\/posts\/6314\/revisions\/6322"}],"wp:featuredmedia":[{"embeddable":true,"href":"https:\/\/www.fumssar.com.br\/index.php?rest_route=\/wp\/v2\/media\/6315"}],"wp:attachment":[{"href":"https:\/\/www.fumssar.com.br\/index.php?rest_route=%2Fwp%2Fv2%2Fmedia&parent=6314"}],"wp:term":[{"taxonomy":"category","embeddable":true,"href":"https:\/\/www.fumssar.com.br\/index.php?rest_route=%2Fwp%2Fv2%2Fcategories&post=6314"},{"taxonomy":"post_tag","embeddable":true,"href":"https:\/\/www.fumssar.com.br\/index.php?rest_route=%2Fwp%2Fv2%2Ftags&post=6314"}],"curies":[{"name":"wp","href":"https:\/\/api.w.org\/{rel}","templated":true}]}}