{"id":604,"date":"2014-01-23T17:08:39","date_gmt":"2014-01-23T17:08:39","guid":{"rendered":"http:\/\/www.fumssar.com.br\/?p=604"},"modified":"2024-10-07T16:36:22","modified_gmt":"2024-10-07T19:36:22","slug":"como-garantir-medicos-nos-postos-do-sus","status":"publish","type":"post","link":"https:\/\/www.fumssar.com.br\/?p=604","title":{"rendered":"Como garantir M\u00e9dicos nos Postos do SUS"},"content":{"rendered":"<p>Assim como em todo o Brasil, o munic\u00edpio de Santa Rosa sofre com a car\u00eancia de m\u00e9dicos para atender no SUS. Com um sistema de sa\u00fade organizado ainda em 1993 e dispondo, desde 1996, um Plano de Carreira que prev\u00ea a contrata\u00e7\u00e3o de profissionais com Dedica\u00e7\u00e3o Exclusiva atrav\u00e9s de uma Funda\u00e7\u00e3o p\u00fablica, a FUMSSAR, Santa Rosa vem conseguindo avan\u00e7os no sistema e na sa\u00fade da popula\u00e7\u00e3o. <!--more-->Apesar de ainda enfrentar a rotatividade e a migra\u00e7\u00e3o dos m\u00e9dicos para os grandes centros, o munic\u00edpio se tornou refer\u00eancia na atua\u00e7\u00e3o das equipes de Sa\u00fade da Fam\u00edlia de seus Postos. Com isso vem garantindo desde 2006 o Programa de Resid\u00eancia M\u00e9dica em Medicina de Fam\u00edlia e Comunidade, formando em m\u00e9dia dois especialistas por ano. A partir de 2010 iniciou tamb\u00e9m o programa de resid\u00eancia Multiprofissional em Sa\u00fade da Fam\u00edlia, formando quatro enfermeiros, dois dentistas, um farmac\u00eautico, um nutricionista, um psic\u00f3logo, um assistente social e um educador f\u00edsico a cada ano. O adicional de dedica\u00e7\u00e3o exclusiva \u00e9 acrescentado ao b\u00e1sico e visa suprir os ganhos que os profissionais teriam em outros v\u00ednculos. No in\u00edcio deste ano, a gest\u00e3o da Funda\u00e7\u00e3o, aprovou junto \u00e0 c\u00e2mara de vereadores um aumento no percentual de dedica\u00e7\u00e3o exclusiva dos m\u00e9dicos, conseguindo, assim, completar o quadro de 18 m\u00e9dicos do sistema que atuam nos Postos de Sa\u00fade, CAPS e auditoria m\u00e9dica. Um forte programa de educa\u00e7\u00e3o permanente \u00e9 desenvolvido desde a cria\u00e7\u00e3o da FUMSSAR e um sistema de sa\u00fade p\u00fablica fortalecido pelo Controle Social, buscando resultados juntamente com a participa\u00e7\u00e3o popular fazem com que as equipes atuem em conjunto e consigam, como proposto pela OMS, resolver a maioria dos problemas de sa\u00fade na pr\u00f3pria unidade de Sa\u00fade.<\/p>\n<p>&nbsp;<\/p>\n","protected":false},"excerpt":{"rendered":"<p>Assim como em todo o Brasil, o munic\u00edpio de Santa Rosa sofre com a car\u00eancia&#8230;<\/p>\n","protected":false},"author":3,"featured_media":605,"comment_status":"open","ping_status":"open","sticky":false,"template":"","format":"standard","meta":{"footnotes":""},"categories":[2],"tags":[],"_links":{"self":[{"href":"https:\/\/www.fumssar.com.br\/index.php?rest_route=\/wp\/v2\/posts\/604"}],"collection":[{"href":"https:\/\/www.fumssar.com.br\/index.php?rest_route=\/wp\/v2\/posts"}],"about":[{"href":"https:\/\/www.fumssar.com.br\/index.php?rest_route=\/wp\/v2\/types\/post"}],"author":[{"embeddable":true,"href":"https:\/\/www.fumssar.com.br\/index.php?rest_route=\/wp\/v2\/users\/3"}],"replies":[{"embeddable":true,"href":"https:\/\/www.fumssar.com.br\/index.php?rest_route=%2Fwp%2Fv2%2Fcomments&post=604"}],"version-history":[{"count":1,"href":"https:\/\/www.fumssar.com.br\/index.php?rest_route=\/wp\/v2\/posts\/604\/revisions"}],"predecessor-version":[{"id":606,"href":"https:\/\/www.fumssar.com.br\/index.php?rest_route=\/wp\/v2\/posts\/604\/revisions\/606"}],"wp:featuredmedia":[{"embeddable":true,"href":"https:\/\/www.fumssar.com.br\/index.php?rest_route=\/wp\/v2\/media\/605"}],"wp:attachment":[{"href":"https:\/\/www.fumssar.com.br\/index.php?rest_route=%2Fwp%2Fv2%2Fmedia&parent=604"}],"wp:term":[{"taxonomy":"category","embeddable":true,"href":"https:\/\/www.fumssar.com.br\/index.php?rest_route=%2Fwp%2Fv2%2Fcategories&post=604"},{"taxonomy":"post_tag","embeddable":true,"href":"https:\/\/www.fumssar.com.br\/index.php?rest_route=%2Fwp%2Fv2%2Ftags&post=604"}],"curies":[{"name":"wp","href":"https:\/\/api.w.org\/{rel}","templated":true}]}}