{"id":601,"date":"2014-01-23T17:01:48","date_gmt":"2014-01-23T17:01:48","guid":{"rendered":"http:\/\/www.fumssar.com.br\/?p=601"},"modified":"2024-10-07T16:36:22","modified_gmt":"2024-10-07T19:36:22","slug":"melhorias-na-infra-estrutura-de-toda-a-rede-de-saude-em-santa-rosa","status":"publish","type":"post","link":"https:\/\/www.fumssar.com.br\/?p=601","title":{"rendered":"Melhorias na Infra-estrutura de toda a Rede de Sa\u00fade em Santa Rosa"},"content":{"rendered":"<p>Para melhorar o atendimento a popula\u00e7\u00e3o Santa-rosense a Funda\u00e7\u00e3o Municipal de Sa\u00fade, fez grandes investimentos em infraestrutura no ano de 2013. Foram conclu\u00eddas cinco novos Postos de Sa\u00fade, o atendimento a popula\u00e7\u00e3o se tornou mais pr\u00f3ximo e de melhor qualidade. <!--more-->No total s\u00e3o 17 Postos de Sa\u00fade todos com Equipes de Sa\u00fade da Fam\u00edlia completas, inclusive com m\u00e9dicos contratados em regime de dedica\u00e7\u00e3o exclusiva e dois N\u00facleos de apoio \u00e0 Sa\u00fade da Fam\u00edlia que fazem o apoio matricial. Na \u00e1rea de urg\u00eancia e emerg\u00eancia foi conclu\u00edda a obra da Unidade de Pronto Atendimento e ser\u00e3o acrescidas duas novas ambul\u00e2ncias ao SAMU ainda em Dezembro. A UPA estar\u00e1 pronta para o funcionamento em meados de janeiro com a coloca\u00e7\u00e3o de todos os m\u00f3veis e equipamentos, faltando apenas a defini\u00e7\u00e3o do custeio mensal e da forma de gest\u00e3o \u201co prazo com o Minist\u00e9rio da Sa\u00fade \u00e9 dezembro de 2014, mas pretendemos iniciar as atividades antes disso\u201d comenta Lu\u00eds Ant\u00f4nio Benvegn\u00fa, presidente da Funda\u00e7\u00e3o Municipal de Sa\u00fade de Santa Rosa que j\u00e1 h\u00e1 tempos est\u00e1 em tratativas com a Secretaria Estadual e com o Minist\u00e9rio para o encaminhamento da quest\u00e3o.<\/p>\n<p>Ainda na linha de qualifica\u00e7\u00e3o da estrutura da rede a FUMSSAR deu in\u00edcio \u00e0 obra do Centro de Especialidades que abrigar\u00e1 o setor administrativo da Funda\u00e7\u00e3o, os atendimentos especializados que atendem em grande parte tamb\u00e9m a regi\u00e3o da 14\u00aa Coordenadoria Regional de Sa\u00fade e a Assist\u00eancia Farmac\u00eautica. A conclus\u00e3o da obra est\u00e1 prevista para maio do ano que vem. Tamb\u00e9m foram obtidos recursos junto ao governo do Estado, atrav\u00e9s da Secretaria Estadual de Sa\u00fade, para a Constru\u00e7\u00e3o do pr\u00e9dio do CEREST- Centro Regional de Sa\u00fade do Trabalhador, e solicitados ao Minist\u00e9rio recursos para a constru\u00e7\u00e3o de um CAPS II e de um CAPS AD, sendo que estes tr\u00eas \u00faltimos servi\u00e7os j\u00e1 funcionam em pr\u00e9dios adaptados. Recentemente foi tomada a decis\u00e3o de implantar em Santa Rosa um CER \u2013 Centro Especializado em Reabilita\u00e7\u00e3o \u2013 que dever\u00e1 receber recursos do Minist\u00e9rio para a obra e para manuten\u00e7\u00e3o mensal visando a reabilita\u00e7\u00e3o auditiva e intelectual.<\/p>\n<p>Os dois hospitais da cidade tamb\u00e9m garantiram recursos para melhorias. O ABOSCO est\u00e1 concluindo a UTI que vai atender a toda a regi\u00e3o e o Vida e Sa\u00fade, al\u00e9m de diversas obras de melhorias projeta uma nova \u00e1rea com mais de 8 mil metros quadrados. \u201c\u00c9 importante que tenhamos uma boa e bem organizada infra-estrutura, mas o fundamental s\u00e3o as equipes, os profissionais que garantem o atendimento ao usu\u00e1rios do SUS no cotidiano, quer seja na Aten\u00e7\u00e3o Prim\u00e1ria \u00e0 Sa\u00fade, na rede de Urg\u00eancias ou na rede Complementar\u201d completa Benvegn\u00fa.<\/p>\n<p><b><span style=\"text-decoration: underline\">\u00a0<\/span><\/b><\/p>\n","protected":false},"excerpt":{"rendered":"<p>Para melhorar o atendimento a popula\u00e7\u00e3o Santa-rosense a Funda\u00e7\u00e3o Municipal de Sa\u00fade, fez grandes investimentos&#8230;<\/p>\n","protected":false},"author":3,"featured_media":602,"comment_status":"open","ping_status":"open","sticky":false,"template":"","format":"standard","meta":{"footnotes":""},"categories":[2],"tags":[],"_links":{"self":[{"href":"https:\/\/www.fumssar.com.br\/index.php?rest_route=\/wp\/v2\/posts\/601"}],"collection":[{"href":"https:\/\/www.fumssar.com.br\/index.php?rest_route=\/wp\/v2\/posts"}],"about":[{"href":"https:\/\/www.fumssar.com.br\/index.php?rest_route=\/wp\/v2\/types\/post"}],"author":[{"embeddable":true,"href":"https:\/\/www.fumssar.com.br\/index.php?rest_route=\/wp\/v2\/users\/3"}],"replies":[{"embeddable":true,"href":"https:\/\/www.fumssar.com.br\/index.php?rest_route=%2Fwp%2Fv2%2Fcomments&post=601"}],"version-history":[{"count":1,"href":"https:\/\/www.fumssar.com.br\/index.php?rest_route=\/wp\/v2\/posts\/601\/revisions"}],"predecessor-version":[{"id":603,"href":"https:\/\/www.fumssar.com.br\/index.php?rest_route=\/wp\/v2\/posts\/601\/revisions\/603"}],"wp:featuredmedia":[{"embeddable":true,"href":"https:\/\/www.fumssar.com.br\/index.php?rest_route=\/wp\/v2\/media\/602"}],"wp:attachment":[{"href":"https:\/\/www.fumssar.com.br\/index.php?rest_route=%2Fwp%2Fv2%2Fmedia&parent=601"}],"wp:term":[{"taxonomy":"category","embeddable":true,"href":"https:\/\/www.fumssar.com.br\/index.php?rest_route=%2Fwp%2Fv2%2Fcategories&post=601"},{"taxonomy":"post_tag","embeddable":true,"href":"https:\/\/www.fumssar.com.br\/index.php?rest_route=%2Fwp%2Fv2%2Ftags&post=601"}],"curies":[{"name":"wp","href":"https:\/\/api.w.org\/{rel}","templated":true}]}}