{"id":5988,"date":"2015-12-23T16:12:57","date_gmt":"2015-12-23T19:12:57","guid":{"rendered":"http:\/\/www.fumssar.com.br\/?p=5988"},"modified":"2024-10-07T16:35:54","modified_gmt":"2024-10-07T19:35:54","slug":"fumssar-prestou-homenagem-pelos-80-anos-da-camara-de-vereadores-de-santa-rosa","status":"publish","type":"post","link":"https:\/\/www.fumssar.com.br\/?p=5988","title":{"rendered":"FUMSSAR prestou homenagem pelos 80 anos da C\u00e2mara de Vereadores de Santa Rosa"},"content":{"rendered":"<p>Durante a sess\u00e3o solene pela passagem dos 80 anos da C\u00e2mara de Vereadores de Santa Rosa, o presidente da FUMSSAR Dr. Lu\u00eds Ant\u00f4nio Benvegn\u00fa, homenageou o Legislativo Municipal com o trof\u00e9u 20 anos da Funda\u00e7\u00e3o. A honraria foi criada em 2015 para prestar homenagem a pessoas, institui\u00e7\u00f5es e \u00f3rg\u00e3os p\u00fablicos, pelo reconhecimento pela contribui\u00e7\u00e3o na constru\u00e7\u00e3o do sistema p\u00fablico de sa\u00fade do munic\u00edpio. Benvegn\u00fa destacou que a C\u00e2mara de Vereadores teve durante esta trajet\u00f3ria uma participa\u00e7\u00e3o muito importante neste processo. Para ele desde que foi apresentada a proposta de cria\u00e7\u00e3o, e a aprova\u00e7\u00e3o da lei de cria\u00e7\u00e3o at\u00e9 os dias atuais, os projetos aprovados na \u00e1rea da sa\u00fade, foram mecanismos utilizados em benef\u00edcio da sa\u00fade da popula\u00e7\u00e3o. \u201cDevemos este reconhecimento ao Legislativo pela participa\u00e7\u00e3o na constru\u00e7\u00e3o de nosso sistema de sa\u00fade, pois atrav\u00e9s projetos e leis aprovadas, temos hoje uma sa\u00fade de qualidade ofertada \u00e0 nossa popula\u00e7\u00e3o\u201d reiterou o presidente da FUMSSAR, que ressaltou ainda o envolvimento das discuss\u00f5es com a comunidade que o parlamento do munic\u00edpio permite atrav\u00e9s das diversas correntes pol\u00edticas representadas.<\/p>\n<p>&nbsp;<\/p>\n","protected":false},"excerpt":{"rendered":"<p>Durante a sess\u00e3o solene pela passagem dos 80 anos da C\u00e2mara de Vereadores de Santa&#8230;<\/p>\n","protected":false},"author":11,"featured_media":5989,"comment_status":"open","ping_status":"open","sticky":false,"template":"","format":"standard","meta":{"footnotes":""},"categories":[2],"tags":[],"_links":{"self":[{"href":"https:\/\/www.fumssar.com.br\/index.php?rest_route=\/wp\/v2\/posts\/5988"}],"collection":[{"href":"https:\/\/www.fumssar.com.br\/index.php?rest_route=\/wp\/v2\/posts"}],"about":[{"href":"https:\/\/www.fumssar.com.br\/index.php?rest_route=\/wp\/v2\/types\/post"}],"author":[{"embeddable":true,"href":"https:\/\/www.fumssar.com.br\/index.php?rest_route=\/wp\/v2\/users\/11"}],"replies":[{"embeddable":true,"href":"https:\/\/www.fumssar.com.br\/index.php?rest_route=%2Fwp%2Fv2%2Fcomments&post=5988"}],"version-history":[{"count":1,"href":"https:\/\/www.fumssar.com.br\/index.php?rest_route=\/wp\/v2\/posts\/5988\/revisions"}],"predecessor-version":[{"id":5990,"href":"https:\/\/www.fumssar.com.br\/index.php?rest_route=\/wp\/v2\/posts\/5988\/revisions\/5990"}],"wp:featuredmedia":[{"embeddable":true,"href":"https:\/\/www.fumssar.com.br\/index.php?rest_route=\/wp\/v2\/media\/5989"}],"wp:attachment":[{"href":"https:\/\/www.fumssar.com.br\/index.php?rest_route=%2Fwp%2Fv2%2Fmedia&parent=5988"}],"wp:term":[{"taxonomy":"category","embeddable":true,"href":"https:\/\/www.fumssar.com.br\/index.php?rest_route=%2Fwp%2Fv2%2Fcategories&post=5988"},{"taxonomy":"post_tag","embeddable":true,"href":"https:\/\/www.fumssar.com.br\/index.php?rest_route=%2Fwp%2Fv2%2Ftags&post=5988"}],"curies":[{"name":"wp","href":"https:\/\/api.w.org\/{rel}","templated":true}]}}