{"id":5969,"date":"2015-12-14T16:28:19","date_gmt":"2015-12-14T19:28:19","guid":{"rendered":"http:\/\/www.fumssar.com.br\/?p=5969"},"modified":"2024-10-07T16:35:54","modified_gmt":"2024-10-07T19:35:54","slug":"solenidade-dos-20-anos-da-fumssar-teve-homenagens-e-resgate-da-historia","status":"publish","type":"post","link":"https:\/\/www.fumssar.com.br\/?p=5969","title":{"rendered":"Solenidade dos 20 anos da FUMSSAR teve homenagens e resgate da hist\u00f3ria"},"content":{"rendered":"<p>A solenidade dos 20 anos da Funda\u00e7\u00e3o Municipal de Sa\u00fade- FUMSSAR realizada na sexta-feira, 11 no Parque Exposi\u00e7\u00f5es foi marcada\u00a0 por momentos tomados pela emo\u00e7\u00e3o. Um resgate dos 20 anos foi apresentado em um VT que foi exibido e nos discursos de alguns atores desta hist\u00f3ria. Na oportunidade ex-presidentes do Conselho Municipal de Sa\u00fade e da FUMSSAR, receberam o trof\u00e9u 20 anos em reconhecimento\u00a0 pela participa\u00e7\u00e3o na constru\u00e7\u00e3o do sistema de sa\u00fade de Santa Rosa. Aldair Melchior presidente em exerc\u00edcio da FUMSSAR, destacou que ao conhecer a hist\u00f3ria e crescimento da institui\u00e7\u00e3o, enche de orgulho a qualquer servidor, pois fazer parte desta fam\u00edlia \u00e9 muito gratificante. \u201c Me sinto muito orgulhoso em ser servidor da FUMSSAR, uma vez que esta hist\u00f3ria \u00e9 muito bonita e foi constru\u00edda com a participa\u00e7\u00e3o de muita gente\u201d Ressaltou Melchior.<\/p>\n<p>\u00a0\u00a0\u00a0\u00a0\u00a0\u00a0\u00a0\u00a0 \u00a0Para o Dr. Lu\u00eds Ant\u00f4nio Benvegn\u00fa, que preside a FUMSSAR, mas \u00a0que na oportunidade estava no exerc\u00edcio do cargo de prefeito \u00a0fez um relato das a\u00e7\u00f5es de como iniciou a Funda\u00e7\u00e3o e seu crescimento gradativo\u00a0 sempre com a participa\u00e7\u00e3o popular atrav\u00e9s do conselho municipal de sa\u00fade e das confer\u00eancias municipais que ajudaram a construir o sistema de sa\u00fade que serve de exemplo para diversas outras cidades do Pa\u00eds. Para ele participar desta hist\u00f3ria \u00e9 muito gratificante, sempre buscando a excel\u00eancia. Benvegn\u00fa disse que muitas for\u00e7as e gestores se uniram para o crescimento do sistema, e que atualmente tem muitos servi\u00e7os\u00a0 que s\u00e3o ofertados \u00e0 popula\u00e7\u00e3o que foi sonhado, lutado e conquistado. O prefeito elogiou a todos que de alguma forma ou outra constru\u00edram o sistema p\u00fablico de Santa Rosa. \u201cHoje \u00e9 um dia hist\u00f3rico pois marca esta caminhada de 20 anos, vemos aqui muitas pessoas que contribu\u00edram com esta hist\u00f3ria\u201d, destacou Benvegn\u00fa, que explicou que a data de anivers\u00e1rio ser\u00e1 no dia 27 pr\u00f3ximo, mas que devido as festividades de final de ano se antecipou a comemora\u00e7\u00e3o. O deputado\u00a0 Federal Osmar Terra, que foi o prefeito quando foi implantada a Funda\u00e7\u00e3o em 1995, fez um relato das dificuldades enfrentadas na \u00e9poca e da mobiliza\u00e7\u00e3o popular \u00a0para a aprova\u00e7\u00e3o da lei de cria\u00e7\u00e3o da FUMSSAR. Terra disse estar muito emocionado em participar da comemora\u00e7\u00e3o dos 20 anos, destacando a import\u00e2ncia da FUMSSAR para a sa\u00fade da popula\u00e7\u00e3o local e regional \u201c Este \u00e9 um momento hist\u00f3rico e emocionante para todos que participaram desta conquista e da constru\u00e7\u00e3o do sistema. \u201c Estou muito emocionado em estar aqui, hoje lembrando tudo o que vivi no passado e\u00a0 convivi durante estes 20 anos\u201d ressaltou o deputado.<\/p>\n<p>\u00a0\u00a0\u00a0\u00a0\u00a0\u00a0\u00a0\u00a0 No dia 27 de dezembro de 1995, com a aprova\u00e7\u00e3o da Lei 2.452 cria-se a Funda\u00e7\u00e3o Municipal de Sa\u00fade. A estrutura inicial de sa\u00fade do munic\u00edpio contava com 4 postos de sa\u00fade. Logo em seguida, foi montada a estrutura b\u00e1sica de sa\u00fade passando-se de 4 para 9 postos de sa\u00fade e um centro de especialidades.<\/p>\n<p>Atualmente a FUMSSAR possui 17 unidades b\u00e1sicas de sa\u00fade e tr\u00eas avan\u00e7adas, o centro de especialidades, CER, CEREST, HEMOCENTRO, Laborat\u00f3rio de An\u00e1lises, Vigil\u00e2ncia Sanit\u00e1ria, NEP, Programas Melhor em Casa e Primeira inf\u00e2ncia Melhor, a UPA, SAMU e ainda mant\u00e9m conv\u00eanios com hospitais, cl\u00ednicas, laborat\u00f3rios \u00a0e muitos outras institui\u00e7\u00f5es que prestam servi\u00e7os de sa\u00fade aos usu\u00e1rios do SUS. A FUMSSAR possui um quadro com aproximadamente 430 servidores. A solenidade teve apresenta\u00e7\u00e3o dos CAPS e logo ap\u00f3s foram inauguradas as galerias dos presidentes da FUMSSAR, Conselho e Confer\u00eancias no centro administrativo da institui\u00e7\u00e3o, e o \u00a0dia foi marcado tamb\u00e9m com palestras e discuss\u00f5es aos servidores e comunidade.<\/p>\n<p>\u00a0<a href=\"http:\/\/www.fumssar.com.br\/wp-content\/uploads\/2015\/12\/solenidade-2.jpg\"><img loading=\"lazy\" decoding=\"async\" class=\"alignnone size-medium wp-image-5971\" alt=\"solenidade 2\" src=\"http:\/\/www.fumssar.com.br\/wp-content\/uploads\/2015\/12\/solenidade-2-300x200.jpg\" width=\"300\" height=\"200\" srcset=\"https:\/\/www.fumssar.com.br\/wp-content\/uploads\/2015\/12\/solenidade-2-300x200.jpg 300w, https:\/\/www.fumssar.com.br\/wp-content\/uploads\/2015\/12\/solenidade-2.jpg 800w\" sizes=\"(max-width: 300px) 100vw, 300px\" \/><\/a><\/p>\n","protected":false},"excerpt":{"rendered":"<p>A solenidade dos 20 anos da Funda\u00e7\u00e3o Municipal de Sa\u00fade- FUMSSAR realizada na sexta-feira, 11&#8230;<\/p>\n","protected":false},"author":11,"featured_media":5970,"comment_status":"open","ping_status":"open","sticky":false,"template":"","format":"standard","meta":{"footnotes":""},"categories":[2],"tags":[],"_links":{"self":[{"href":"https:\/\/www.fumssar.com.br\/index.php?rest_route=\/wp\/v2\/posts\/5969"}],"collection":[{"href":"https:\/\/www.fumssar.com.br\/index.php?rest_route=\/wp\/v2\/posts"}],"about":[{"href":"https:\/\/www.fumssar.com.br\/index.php?rest_route=\/wp\/v2\/types\/post"}],"author":[{"embeddable":true,"href":"https:\/\/www.fumssar.com.br\/index.php?rest_route=\/wp\/v2\/users\/11"}],"replies":[{"embeddable":true,"href":"https:\/\/www.fumssar.com.br\/index.php?rest_route=%2Fwp%2Fv2%2Fcomments&post=5969"}],"version-history":[{"count":1,"href":"https:\/\/www.fumssar.com.br\/index.php?rest_route=\/wp\/v2\/posts\/5969\/revisions"}],"predecessor-version":[{"id":5974,"href":"https:\/\/www.fumssar.com.br\/index.php?rest_route=\/wp\/v2\/posts\/5969\/revisions\/5974"}],"wp:featuredmedia":[{"embeddable":true,"href":"https:\/\/www.fumssar.com.br\/index.php?rest_route=\/wp\/v2\/media\/5970"}],"wp:attachment":[{"href":"https:\/\/www.fumssar.com.br\/index.php?rest_route=%2Fwp%2Fv2%2Fmedia&parent=5969"}],"wp:term":[{"taxonomy":"category","embeddable":true,"href":"https:\/\/www.fumssar.com.br\/index.php?rest_route=%2Fwp%2Fv2%2Fcategories&post=5969"},{"taxonomy":"post_tag","embeddable":true,"href":"https:\/\/www.fumssar.com.br\/index.php?rest_route=%2Fwp%2Fv2%2Ftags&post=5969"}],"curies":[{"name":"wp","href":"https:\/\/api.w.org\/{rel}","templated":true}]}}