{"id":5943,"date":"2015-12-03T16:00:50","date_gmt":"2015-12-03T19:00:50","guid":{"rendered":"http:\/\/www.fumssar.com.br\/?p=5943"},"modified":"2024-10-07T16:35:54","modified_gmt":"2024-10-07T19:35:54","slug":"convite-20-anos","status":"publish","type":"post","link":"https:\/\/www.fumssar.com.br\/?p=5943","title":{"rendered":"Convite 20 anos"},"content":{"rendered":"<p>\u00a0\u00a0\u00a0\u00a0\u00a0\u00a0\u00a0\u00a0\u00a0\u00a0\u00a0 <b>COMPROMISSO COM A SUA SA\u00daDE <\/b><\/p>\n<p><b>\u00a0<\/b><\/p>\n<p><b>CONVITE <\/b><\/p>\n<p>&nbsp;<\/p>\n<p><i>O Presidente da Funda\u00e7\u00e3o Municipal de Sa\u00fade de Santa Rosa, Dr. Lu\u00eds Ant\u00f4nio Benvegn\u00fa, tem a honra de convidar Vossa Senhoria para as Solenidades do 20\u00ba Anivers\u00e1rio da FUMSSAR que realizar-se-\u00e1 a partir 8h no dia 11\/12\/2015 no Parque de Exposi\u00e7\u00f5es de Santa Rosa. <\/i><\/p>\n<p><i>Contamos com a sua presen\u00e7a. <\/i><\/p>\n<p><b>PROGRAMA\u00c7\u00c3O <\/b><\/p>\n<p><b>11\/12\/2015 <\/b><\/p>\n<p><b>8h\u2013 RECEP\u00c7\u00c3O E CREDENDIAMENTO \u2013 <\/b>Local: Parque de Exposi\u00e7\u00f5es<\/p>\n<p><b>9h \u2013 Solenidade de Abertura \u2013 <\/b>Local: Parque de Exposi\u00e7\u00f5es<\/p>\n<p><b>10h \u2013 Apresenta\u00e7\u00e3o dos 20 anos \u2013 <\/b>Local: Parque de Exposi\u00e7\u00f5es<\/p>\n<p><b>11h \u2013 Inaugura\u00e7\u00e3o Galeria Ex- Presidentes &#8211; FUMSSAR, CONSELHO MUNICIPAL DE SA\u00daDE, CONFER\u00caNCIA MUNICIPAL DE SA\u00daDE \u2013 <\/b>Local: Centro Administrativo Fumssar<\/p>\n<p align=\"center\"><b>13:30 &#8211; Palestra \u201cAcolhimento\u201d com Dr. Paulo Poli Neto <\/b>( M\u00e9dico da Fam\u00edlia e Comunidade \u2013 Diretor da Aten\u00e7\u00e3o Prim\u00e1ria em Sa\u00fade de Curitiba \u2013 PR) <b>\u2013 <\/b>Local: Parque de Exposi\u00e7\u00f5es.<\/p>\n<p>&nbsp;<\/p>\n<p align=\"center\">\u00a0Rua: Francisco Tim, N\u00ba 480 &#8211; Santa Rosa \/ RS 55 3513 5100 | www.fumssar.com.br Contatos com o Gabinete da Presid\u00eancia: 55-3513-51 02 ou 55 9674 23 42 presid\u00eancia@fumssar.com.br ou josesilva@fumssar.com.br<\/p>\n","protected":false},"excerpt":{"rendered":"<p>\u00a0\u00a0\u00a0\u00a0\u00a0\u00a0\u00a0\u00a0\u00a0\u00a0\u00a0 COMPROMISSO COM A SUA SA\u00daDE \u00a0 CONVITE &nbsp; O Presidente da Funda\u00e7\u00e3o Municipal de&#8230;<\/p>\n","protected":false},"author":11,"featured_media":5941,"comment_status":"open","ping_status":"open","sticky":false,"template":"","format":"standard","meta":{"footnotes":""},"categories":[2],"tags":[],"_links":{"self":[{"href":"https:\/\/www.fumssar.com.br\/index.php?rest_route=\/wp\/v2\/posts\/5943"}],"collection":[{"href":"https:\/\/www.fumssar.com.br\/index.php?rest_route=\/wp\/v2\/posts"}],"about":[{"href":"https:\/\/www.fumssar.com.br\/index.php?rest_route=\/wp\/v2\/types\/post"}],"author":[{"embeddable":true,"href":"https:\/\/www.fumssar.com.br\/index.php?rest_route=\/wp\/v2\/users\/11"}],"replies":[{"embeddable":true,"href":"https:\/\/www.fumssar.com.br\/index.php?rest_route=%2Fwp%2Fv2%2Fcomments&post=5943"}],"version-history":[{"count":1,"href":"https:\/\/www.fumssar.com.br\/index.php?rest_route=\/wp\/v2\/posts\/5943\/revisions"}],"predecessor-version":[{"id":5944,"href":"https:\/\/www.fumssar.com.br\/index.php?rest_route=\/wp\/v2\/posts\/5943\/revisions\/5944"}],"wp:featuredmedia":[{"embeddable":true,"href":"https:\/\/www.fumssar.com.br\/index.php?rest_route=\/wp\/v2\/media\/5941"}],"wp:attachment":[{"href":"https:\/\/www.fumssar.com.br\/index.php?rest_route=%2Fwp%2Fv2%2Fmedia&parent=5943"}],"wp:term":[{"taxonomy":"category","embeddable":true,"href":"https:\/\/www.fumssar.com.br\/index.php?rest_route=%2Fwp%2Fv2%2Fcategories&post=5943"},{"taxonomy":"post_tag","embeddable":true,"href":"https:\/\/www.fumssar.com.br\/index.php?rest_route=%2Fwp%2Fv2%2Ftags&post=5943"}],"curies":[{"name":"wp","href":"https:\/\/api.w.org\/{rel}","templated":true}]}}