{"id":5939,"date":"2015-12-03T13:46:26","date_gmt":"2015-12-03T16:46:26","guid":{"rendered":"http:\/\/www.fumssar.com.br\/?p=5939"},"modified":"2024-10-07T16:35:54","modified_gmt":"2024-10-07T19:35:54","slug":"evento-marcara-20-anos-da-fumssar","status":"publish","type":"post","link":"https:\/\/www.fumssar.com.br\/?p=5939","title":{"rendered":"Evento marcar\u00e1 20 anos da FUMSSAR"},"content":{"rendered":"<p>Durante este ano a FUMSSAR realizou diversas a\u00e7\u00f5es para comemorar os 20 anos da institui\u00e7\u00e3o, para isto um selo foi criado para marcar a data\u00a0 e\u00a0 tem sido utilizado em todos os atos visuais e documentos emitidos. A data de anivers\u00e1rio dos 20 anos \u00e9 em 27 de dezembro, mas tendo em vista as festividades de final de ano a FUMSSAR ir\u00e1 realizar \u00a0evento \u00a0comemorativo\u00a0 no pr\u00f3ximo dia 11, no Parque Exposi\u00e7\u00f5es. Na oportunidade todos os\u00a0 setores e unidades da Funda\u00e7\u00e3o estar\u00e3o fechadas para que os servidores possam participar da solenidade que ter\u00e1 inicio \u00e0s 9 horas da manh\u00e3 \u00a0transcorrendo durante\u00a0 todo o dia. Durante a manh\u00e3 ser\u00e1 realizada uma apresenta\u00e7\u00e3o dos 20 anos da FUMSSAR\u00a0 e \u00e0s 11 horas ser\u00e3o inauguradas as galerias dos Ex-presidentes da FUMSSAR, das Confer\u00eancias e do Conselho Municipal\u00a0 de Sa\u00fade no Centro Administrativo da Funda\u00e7\u00e3o.\u00a0 Na parte da tarde ser\u00e1 realizada uma palestra\u00a0 \u201c Acolhimento\u201d proferida pelo Dr. Paulo Poli Neto , que \u00e9 m\u00e9dico da fam\u00edlia e comunidade e Diretor da Aten\u00e7\u00e3o\u00a0 Prim\u00e1ria em\u00a0 Sa\u00fade em Curitiba- PR.O Presidente substituto da FUMSSAR,Aldair Melchior\u00a0 \u00a0salienta que \u00e9 uma data muito importante onde\u00a0 tem sido avaliada a constru\u00e7\u00e3o do sistema de sa\u00fade p\u00fablica de Santa Rosa que avan\u00e7ou muito mas que durante estes anos vem buscando\u00a0\u00a0 a melhoria e a oferta de novos servi\u00e7os.<\/p>\n","protected":false},"excerpt":{"rendered":"<p>Durante este ano a FUMSSAR realizou diversas a\u00e7\u00f5es para comemorar os 20 anos da institui\u00e7\u00e3o,&#8230;<\/p>\n","protected":false},"author":11,"featured_media":5941,"comment_status":"open","ping_status":"open","sticky":false,"template":"","format":"standard","meta":{"footnotes":""},"categories":[2],"tags":[],"_links":{"self":[{"href":"https:\/\/www.fumssar.com.br\/index.php?rest_route=\/wp\/v2\/posts\/5939"}],"collection":[{"href":"https:\/\/www.fumssar.com.br\/index.php?rest_route=\/wp\/v2\/posts"}],"about":[{"href":"https:\/\/www.fumssar.com.br\/index.php?rest_route=\/wp\/v2\/types\/post"}],"author":[{"embeddable":true,"href":"https:\/\/www.fumssar.com.br\/index.php?rest_route=\/wp\/v2\/users\/11"}],"replies":[{"embeddable":true,"href":"https:\/\/www.fumssar.com.br\/index.php?rest_route=%2Fwp%2Fv2%2Fcomments&post=5939"}],"version-history":[{"count":1,"href":"https:\/\/www.fumssar.com.br\/index.php?rest_route=\/wp\/v2\/posts\/5939\/revisions"}],"predecessor-version":[{"id":5942,"href":"https:\/\/www.fumssar.com.br\/index.php?rest_route=\/wp\/v2\/posts\/5939\/revisions\/5942"}],"wp:featuredmedia":[{"embeddable":true,"href":"https:\/\/www.fumssar.com.br\/index.php?rest_route=\/wp\/v2\/media\/5941"}],"wp:attachment":[{"href":"https:\/\/www.fumssar.com.br\/index.php?rest_route=%2Fwp%2Fv2%2Fmedia&parent=5939"}],"wp:term":[{"taxonomy":"category","embeddable":true,"href":"https:\/\/www.fumssar.com.br\/index.php?rest_route=%2Fwp%2Fv2%2Fcategories&post=5939"},{"taxonomy":"post_tag","embeddable":true,"href":"https:\/\/www.fumssar.com.br\/index.php?rest_route=%2Fwp%2Fv2%2Ftags&post=5939"}],"curies":[{"name":"wp","href":"https:\/\/api.w.org\/{rel}","templated":true}]}}