{"id":5928,"date":"2015-11-30T16:18:31","date_gmt":"2015-11-30T19:18:31","guid":{"rendered":"http:\/\/www.fumssar.com.br\/?p=5928"},"modified":"2024-10-07T16:35:54","modified_gmt":"2024-10-07T19:35:54","slug":"v-semana-do-bebe-de-santa-rosa-no-parcao","status":"publish","type":"post","link":"https:\/\/www.fumssar.com.br\/?p=5928","title":{"rendered":"V SEMANA DO BEB\u00ca DE SANTA ROSA NO PARC\u00c3O"},"content":{"rendered":"<p>Um grande p\u00fablico prestigiou na tarde de domingo, 29, o encerramento da V Semana do Beb\u00ea de Santa Rosa, iniciada no dia 23. O evento foi organizado pela FUMSSAR atrav\u00e9s da diretoria da Gest\u00e3o de Aten\u00e7\u00e3o Prim\u00e1ria em Sa\u00fade e demais setores da institui\u00e7\u00e3o.<\/p>\n<p>Durante da tarde de domingo diversas atra\u00e7\u00f5es foram disponibilizadas ao p\u00fablico presente: Brinquedos, teatro, m\u00fasicas, apresenta\u00e7\u00f5es art\u00edsticas, escolinha de tr\u00e2nsito e orienta\u00e7\u00f5es sobre cuidados com a sa\u00fade do beb\u00ea e tamb\u00e9m para adultos.<\/p>\n<p>O evento teve a parceria das Secretarias de Habita\u00e7\u00e3o e Mobilidade Urbana e Secretaria de Cultura e Turismo. A diretora de Aten\u00e7\u00e3o Prim\u00e1ria da FUMSSAR, Elisiane Bisognin agradeceu o p\u00fablico que prestigiou o evento e tamb\u00e9m as parcerias firmadas para a realiza\u00e7\u00e3o do evento.<\/p>\n<p>O presidente substituto da FUMSSAR, Aldair Melchior, parabenizou os organizadores destacando que \u00e9 mais um evento que marca os 20 anos da Funda\u00e7\u00e3o.<\/p>\n<p><a href=\"http:\/\/www.fumssar.com.br\/wp-content\/uploads\/2015\/11\/bebe-2.jpg\"><img loading=\"lazy\" decoding=\"async\" class=\"alignnone size-medium wp-image-5932\" alt=\"bebe 2\" src=\"http:\/\/www.fumssar.com.br\/wp-content\/uploads\/2015\/11\/bebe-2-300x200.jpg\" width=\"300\" height=\"200\" srcset=\"https:\/\/www.fumssar.com.br\/wp-content\/uploads\/2015\/11\/bebe-2-300x200.jpg 300w, https:\/\/www.fumssar.com.br\/wp-content\/uploads\/2015\/11\/bebe-2.jpg 800w\" sizes=\"(max-width: 300px) 100vw, 300px\" \/><\/a><a href=\"http:\/\/www.fumssar.com.br\/wp-content\/uploads\/2015\/11\/bebe1.jpg\"><img loading=\"lazy\" decoding=\"async\" class=\"alignnone size-medium wp-image-5933\" alt=\"bebe\" src=\"http:\/\/www.fumssar.com.br\/wp-content\/uploads\/2015\/11\/bebe1-300x200.jpg\" width=\"300\" height=\"200\" srcset=\"https:\/\/www.fumssar.com.br\/wp-content\/uploads\/2015\/11\/bebe1-300x200.jpg 300w, https:\/\/www.fumssar.com.br\/wp-content\/uploads\/2015\/11\/bebe1.jpg 800w\" sizes=\"(max-width: 300px) 100vw, 300px\" \/><\/a><\/p>\n","protected":false},"excerpt":{"rendered":"<p>Um grande p\u00fablico prestigiou na tarde de domingo, 29, o encerramento da V Semana do&#8230;<\/p>\n","protected":false},"author":11,"featured_media":5931,"comment_status":"open","ping_status":"open","sticky":false,"template":"","format":"standard","meta":{"footnotes":""},"categories":[2],"tags":[],"_links":{"self":[{"href":"https:\/\/www.fumssar.com.br\/index.php?rest_route=\/wp\/v2\/posts\/5928"}],"collection":[{"href":"https:\/\/www.fumssar.com.br\/index.php?rest_route=\/wp\/v2\/posts"}],"about":[{"href":"https:\/\/www.fumssar.com.br\/index.php?rest_route=\/wp\/v2\/types\/post"}],"author":[{"embeddable":true,"href":"https:\/\/www.fumssar.com.br\/index.php?rest_route=\/wp\/v2\/users\/11"}],"replies":[{"embeddable":true,"href":"https:\/\/www.fumssar.com.br\/index.php?rest_route=%2Fwp%2Fv2%2Fcomments&post=5928"}],"version-history":[{"count":1,"href":"https:\/\/www.fumssar.com.br\/index.php?rest_route=\/wp\/v2\/posts\/5928\/revisions"}],"predecessor-version":[{"id":5934,"href":"https:\/\/www.fumssar.com.br\/index.php?rest_route=\/wp\/v2\/posts\/5928\/revisions\/5934"}],"wp:featuredmedia":[{"embeddable":true,"href":"https:\/\/www.fumssar.com.br\/index.php?rest_route=\/wp\/v2\/media\/5931"}],"wp:attachment":[{"href":"https:\/\/www.fumssar.com.br\/index.php?rest_route=%2Fwp%2Fv2%2Fmedia&parent=5928"}],"wp:term":[{"taxonomy":"category","embeddable":true,"href":"https:\/\/www.fumssar.com.br\/index.php?rest_route=%2Fwp%2Fv2%2Fcategories&post=5928"},{"taxonomy":"post_tag","embeddable":true,"href":"https:\/\/www.fumssar.com.br\/index.php?rest_route=%2Fwp%2Fv2%2Ftags&post=5928"}],"curies":[{"name":"wp","href":"https:\/\/api.w.org\/{rel}","templated":true}]}}