{"id":592,"date":"2014-01-22T18:17:07","date_gmt":"2014-01-22T18:17:07","guid":{"rendered":"http:\/\/www.fumssar.com.br\/?p=592"},"modified":"2024-10-07T16:36:22","modified_gmt":"2024-10-07T19:36:22","slug":"aldair-melchior-assume-a-presidencia-da-fumssar","status":"publish","type":"post","link":"https:\/\/www.fumssar.com.br\/?p=592","title":{"rendered":"Aldair Melchior assume a Presid\u00eancia da FUMSSAR"},"content":{"rendered":"<p align=\"JUSTIFY\">O vice-prefeito e presidente da Funda\u00e7\u00e3o Municipal de Sa\u00fade de Santa Rosa, Lu\u00eds Ant\u00f4nio Benvegn\u00fa, est\u00e1 de f\u00e9rias at\u00e9 o dia 30 de janeiro. Aldair Melchior, servidor do quadro de carreira da FUMSSAR, assume como presidente neste per\u00edodo. \u00c9 a segunda vez que Melchior substitui Benvegn\u00fa, tendo assumido o cargo em setembro do ano passado.<\/p>\n","protected":false},"excerpt":{"rendered":"<p>O vice-prefeito e presidente da Funda\u00e7\u00e3o Municipal de Sa\u00fade de Santa Rosa, Lu\u00eds Ant\u00f4nio Benvegn\u00fa,&#8230;<\/p>\n","protected":false},"author":3,"featured_media":593,"comment_status":"open","ping_status":"open","sticky":false,"template":"","format":"standard","meta":{"footnotes":""},"categories":[2],"tags":[],"_links":{"self":[{"href":"https:\/\/www.fumssar.com.br\/index.php?rest_route=\/wp\/v2\/posts\/592"}],"collection":[{"href":"https:\/\/www.fumssar.com.br\/index.php?rest_route=\/wp\/v2\/posts"}],"about":[{"href":"https:\/\/www.fumssar.com.br\/index.php?rest_route=\/wp\/v2\/types\/post"}],"author":[{"embeddable":true,"href":"https:\/\/www.fumssar.com.br\/index.php?rest_route=\/wp\/v2\/users\/3"}],"replies":[{"embeddable":true,"href":"https:\/\/www.fumssar.com.br\/index.php?rest_route=%2Fwp%2Fv2%2Fcomments&post=592"}],"version-history":[{"count":1,"href":"https:\/\/www.fumssar.com.br\/index.php?rest_route=\/wp\/v2\/posts\/592\/revisions"}],"predecessor-version":[{"id":594,"href":"https:\/\/www.fumssar.com.br\/index.php?rest_route=\/wp\/v2\/posts\/592\/revisions\/594"}],"wp:featuredmedia":[{"embeddable":true,"href":"https:\/\/www.fumssar.com.br\/index.php?rest_route=\/wp\/v2\/media\/593"}],"wp:attachment":[{"href":"https:\/\/www.fumssar.com.br\/index.php?rest_route=%2Fwp%2Fv2%2Fmedia&parent=592"}],"wp:term":[{"taxonomy":"category","embeddable":true,"href":"https:\/\/www.fumssar.com.br\/index.php?rest_route=%2Fwp%2Fv2%2Fcategories&post=592"},{"taxonomy":"post_tag","embeddable":true,"href":"https:\/\/www.fumssar.com.br\/index.php?rest_route=%2Fwp%2Fv2%2Ftags&post=592"}],"curies":[{"name":"wp","href":"https:\/\/api.w.org\/{rel}","templated":true}]}}