{"id":5904,"date":"2015-11-24T10:33:12","date_gmt":"2015-11-24T13:33:12","guid":{"rendered":"http:\/\/www.fumssar.com.br\/?p=5904"},"modified":"2024-10-07T16:35:54","modified_gmt":"2024-10-07T19:35:54","slug":"onibus-lilas-estara-em-santa-rosa-para-atendimento-as-mulheres","status":"publish","type":"post","link":"https:\/\/www.fumssar.com.br\/?p=5904","title":{"rendered":"\u00d4nibus Lil\u00e1s estar\u00e1 em Santa Rosa para atendimento \u00e0s mulheres"},"content":{"rendered":"<div align=\"center\">\n<table width=\"530\" border=\"0\" cellspacing=\"0\" cellpadding=\"0\">\n<tbody>\n<tr>\n<td>No local ser\u00e3o prestados diversos servi\u00e7os humanizados na \u00e1rea de psicologia, direito, servi\u00e7o social, sa\u00fade e bem-estar<\/td>\n<\/tr>\n<tr>\n<td>\u00a0O Governo Municipal, atrav\u00e9s da Coordenadoria de Pol\u00edticas para a Mulher e do Centro de Refer\u00eancia de Atendimento \u00e0 Mulher, organiza a\u00e7\u00f5es para a Campanha dos 16 Dias de Ativismo pelo Fim da Viol\u00eancia Contra a Mulher.\u00a0Uma delas \u00e9 o \u201cPrograma Mulher Viver sem Viol\u00eancia\u201d, que traz para Santa Rosa o \u00d4nibus Lil\u00e1s, unidade m\u00f3vel especialmente desenvolvida para o atendimento \u00e0s mulheres. No local ser\u00e3o prestados diversos servi\u00e7os humanizados na \u00e1rea de psicologia, direito, servi\u00e7o social, sa\u00fade e bem-estar pelos profissionais do Centro de Refer\u00eancia e da Funda\u00e7\u00e3o Municipal de Sa\u00fade \u2013 FUMSSAR.<\/p>\n<p>\u00a0<b>Confira o cronograma dos locais onde o \u00f4nibus estar\u00e1:<\/b>\u00a0<\/p>\n<p><b>30\/11\/2015<\/b> \u2013 Pra\u00e7a da Bandeira (8h30 \u00e0s 17h)\u00a0<\/p>\n<p><b>01\/12\/2015<\/b> \u2013 Bairro Central, ao lado do Sal\u00e3o da Oktoberfest (8h \u00e0s 11h30)\u00a0<\/p>\n<p><b>01\/12\/2015<\/b> \u2013 Distrito 7 de Setembro, ao lado do Sal\u00e3o da Comunidade (14h \u00e0s 17h)\u00a0<\/p>\n<p><b>02\/12\/2015<\/b> \u2013 Bairro Cruzeiro, pr\u00f3ximo ao M\u00f3dulo da Brigada Militar (8h \u00e0s 11h30h)\u00a0<\/p>\n<p><b>02\/12\/2015<\/b> \u2013 Pra\u00e7a da Vila Auxiliadora (14h \u00e0s 17h30)<\/p>\n<p>Informa\u00e7\u00f5es ASCOM Prefeitura Municipal de Santa Rosa<\/td>\n<\/tr>\n<\/tbody>\n<\/table>\n<\/div>\n<p>&nbsp;<\/p>\n","protected":false},"excerpt":{"rendered":"<p>No local ser\u00e3o prestados diversos servi\u00e7os humanizados na \u00e1rea de psicologia, direito, servi\u00e7o social, sa\u00fade&#8230;<\/p>\n","protected":false},"author":11,"featured_media":5905,"comment_status":"open","ping_status":"open","sticky":false,"template":"","format":"standard","meta":{"footnotes":""},"categories":[2],"tags":[],"_links":{"self":[{"href":"https:\/\/www.fumssar.com.br\/index.php?rest_route=\/wp\/v2\/posts\/5904"}],"collection":[{"href":"https:\/\/www.fumssar.com.br\/index.php?rest_route=\/wp\/v2\/posts"}],"about":[{"href":"https:\/\/www.fumssar.com.br\/index.php?rest_route=\/wp\/v2\/types\/post"}],"author":[{"embeddable":true,"href":"https:\/\/www.fumssar.com.br\/index.php?rest_route=\/wp\/v2\/users\/11"}],"replies":[{"embeddable":true,"href":"https:\/\/www.fumssar.com.br\/index.php?rest_route=%2Fwp%2Fv2%2Fcomments&post=5904"}],"version-history":[{"count":3,"href":"https:\/\/www.fumssar.com.br\/index.php?rest_route=\/wp\/v2\/posts\/5904\/revisions"}],"predecessor-version":[{"id":5908,"href":"https:\/\/www.fumssar.com.br\/index.php?rest_route=\/wp\/v2\/posts\/5904\/revisions\/5908"}],"wp:featuredmedia":[{"embeddable":true,"href":"https:\/\/www.fumssar.com.br\/index.php?rest_route=\/wp\/v2\/media\/5905"}],"wp:attachment":[{"href":"https:\/\/www.fumssar.com.br\/index.php?rest_route=%2Fwp%2Fv2%2Fmedia&parent=5904"}],"wp:term":[{"taxonomy":"category","embeddable":true,"href":"https:\/\/www.fumssar.com.br\/index.php?rest_route=%2Fwp%2Fv2%2Fcategories&post=5904"},{"taxonomy":"post_tag","embeddable":true,"href":"https:\/\/www.fumssar.com.br\/index.php?rest_route=%2Fwp%2Fv2%2Ftags&post=5904"}],"curies":[{"name":"wp","href":"https:\/\/api.w.org\/{rel}","templated":true}]}}