{"id":5900,"date":"2015-11-24T10:24:52","date_gmt":"2015-11-24T13:24:52","guid":{"rendered":"http:\/\/www.fumssar.com.br\/?p=5900"},"modified":"2024-10-07T16:35:54","modified_gmt":"2024-10-07T19:35:54","slug":"comunidade-da-auxiliadora-decidiu-pelo-sistema-de-acolhimento-no-posto-de-saude","status":"publish","type":"post","link":"https:\/\/www.fumssar.com.br\/?p=5900","title":{"rendered":"Comunidade da Auxiliadora decidiu pelo sistema de acolhimento no Posto de Sa\u00fade"},"content":{"rendered":"<p>&nbsp;<\/p>\n<p>A decis\u00e3o de aderir ao novo sistema, ocorreu em reuni\u00e3o realizada na noite desta segunda-feira 23, na comunidade do Bairro Auxiliadora e usu\u00e1rios do Sistema \u00danico de Sa\u00fade. Um n\u00famero expressivo de moradores compareceu no evento discutindo com a dire\u00e7\u00e3o da FUMSSAR e a equipe da unidade b\u00e1sica de sa\u00fade a implanta\u00e7\u00e3o da forma de atendimento que permite mais conforto e um atendimento mais qualificado. A diretora da Gest\u00e3o de Aten\u00e7\u00e3o Prim\u00e1ria em Sa\u00fade da Funda\u00e7\u00e3o, Elisiane Bisognin, primeiramente fez uma ampla explana\u00e7\u00e3o aos presentes do funcionamento do sistema de sa\u00fade local, destacando os tipos de atendimentos ofertados nas unidades. A diretora tamb\u00e9m destacou as experi\u00eancias das comunidades que aderiram o acolhimento e, que at\u00e9 o momento os usu\u00e1rios est\u00e3o satisfeitos. A comunidade da Auxiliadora decidiu que a partir do dia 7, pr\u00f3ximo ir\u00e3o implantar o sistema.<\/p>\n<p><a href=\"http:\/\/www.fumssar.com.br\/wp-content\/uploads\/2015\/11\/reunia-auxilia-atua-2.jpg\"><img loading=\"lazy\" decoding=\"async\" class=\"alignnone size-medium wp-image-5902\" alt=\"reunia auxilia atua 2\" src=\"http:\/\/www.fumssar.com.br\/wp-content\/uploads\/2015\/11\/reunia-auxilia-atua-2-300x200.jpg\" width=\"300\" height=\"200\" srcset=\"https:\/\/www.fumssar.com.br\/wp-content\/uploads\/2015\/11\/reunia-auxilia-atua-2-300x200.jpg 300w, https:\/\/www.fumssar.com.br\/wp-content\/uploads\/2015\/11\/reunia-auxilia-atua-2.jpg 800w\" sizes=\"(max-width: 300px) 100vw, 300px\" \/><\/a><\/p>\n","protected":false},"excerpt":{"rendered":"<p>&nbsp; A decis\u00e3o de aderir ao novo sistema, ocorreu em reuni\u00e3o realizada na noite desta&#8230;<\/p>\n","protected":false},"author":11,"featured_media":5901,"comment_status":"open","ping_status":"open","sticky":false,"template":"","format":"standard","meta":{"footnotes":""},"categories":[2],"tags":[],"_links":{"self":[{"href":"https:\/\/www.fumssar.com.br\/index.php?rest_route=\/wp\/v2\/posts\/5900"}],"collection":[{"href":"https:\/\/www.fumssar.com.br\/index.php?rest_route=\/wp\/v2\/posts"}],"about":[{"href":"https:\/\/www.fumssar.com.br\/index.php?rest_route=\/wp\/v2\/types\/post"}],"author":[{"embeddable":true,"href":"https:\/\/www.fumssar.com.br\/index.php?rest_route=\/wp\/v2\/users\/11"}],"replies":[{"embeddable":true,"href":"https:\/\/www.fumssar.com.br\/index.php?rest_route=%2Fwp%2Fv2%2Fcomments&post=5900"}],"version-history":[{"count":1,"href":"https:\/\/www.fumssar.com.br\/index.php?rest_route=\/wp\/v2\/posts\/5900\/revisions"}],"predecessor-version":[{"id":5903,"href":"https:\/\/www.fumssar.com.br\/index.php?rest_route=\/wp\/v2\/posts\/5900\/revisions\/5903"}],"wp:featuredmedia":[{"embeddable":true,"href":"https:\/\/www.fumssar.com.br\/index.php?rest_route=\/wp\/v2\/media\/5901"}],"wp:attachment":[{"href":"https:\/\/www.fumssar.com.br\/index.php?rest_route=%2Fwp%2Fv2%2Fmedia&parent=5900"}],"wp:term":[{"taxonomy":"category","embeddable":true,"href":"https:\/\/www.fumssar.com.br\/index.php?rest_route=%2Fwp%2Fv2%2Fcategories&post=5900"},{"taxonomy":"post_tag","embeddable":true,"href":"https:\/\/www.fumssar.com.br\/index.php?rest_route=%2Fwp%2Fv2%2Ftags&post=5900"}],"curies":[{"name":"wp","href":"https:\/\/api.w.org\/{rel}","templated":true}]}}