{"id":59,"date":"2013-11-25T18:28:42","date_gmt":"2013-11-25T18:28:42","guid":{"rendered":"http:\/\/www.fumssar.com.br\/?p=59"},"modified":"2024-10-07T16:36:23","modified_gmt":"2024-10-07T19:36:23","slug":"equipe-da-fumssar-participa-de-seminario-sobre-a-dengue","status":"publish","type":"post","link":"https:\/\/www.fumssar.com.br\/?p=59","title":{"rendered":"Equipe da FUMSSAR participa de Semin\u00e1rio sobre a Dengue"},"content":{"rendered":"<p>Na \u00faltima segunda-feira, 18, estiveram em Porto Alegre a Gerente de Vigil\u00e2ncia em Sa\u00fade da Funda\u00e7\u00e3o Municipal de Sa\u00fade de Santa Rosa, Mardiori Watthier, e a Coordenadora da Gest\u00e3o de Aten\u00e7\u00e3o Prim\u00e1ria a Sa\u00fade, Helena Meinart, para participar do Semin\u00e1rio \u201cDengue \u2013 Estrat\u00e9gias de Enfrentamento para gestores municipais de Sa\u00fade\u201d.<!--more--><\/p>\n<p>O evento foi realizado pelo Conselho das Secretarias Municipais de Sa\u00fade do Rio Grande do Sul (COSEMS\/RS) em parceria com o Centro Estadual de Vigil\u00e2ncia em Sa\u00fade da Secretaria Estadual de Sa\u00fade (CEVS\/SES) e o Minist\u00e9rio da Sa\u00fade.<\/p>\n<p>Com programa\u00e7\u00e3o durante todo o dia. Contou, o semin\u00e1rio com a presen\u00e7a do secret\u00e1rio da Sa\u00fade do Estado, Ciro Simoni, e pela manh\u00e3 teve a palestra do coordenador Nacional do Programa de Dengue do Minist\u00e9rio da Sa\u00fade, Giovanini Evelim Coelho, que falou sobre estrat\u00e9gias de gest\u00e3o: A vis\u00e3o do Minist\u00e9rio da Sa\u00fade \u2013 O Papel do gestor na quest\u00e3o da dengue e a nova estrat\u00e9gia de enfrentamento para os tr\u00eas estados da regi\u00e3o sul do Brasil e \u00e1reas de fronteira internacional.<\/p>\n<p>No final da manh\u00e3 foi apresentado o Plano Estadual de Conting\u00eancia para o enfrentamento da dengue, pela coordenadora da vigil\u00e2ncia epidemiol\u00f3gica do CEVS\/SES, Dra. Marilina Bercini.<\/p>\n<p>E a tarde foram apresentadas experi\u00eancias municipais de enfrentamento \u00e0 dengue da cidade de Porto Alegre.<\/p>\n<p>Segundo Mardiori \u201ca participa\u00e7\u00e3o no evento foi de suma import\u00e2ncia neste momento em que os trabalhos de enfrentamento \u00e0 Dengue devem ser intensificados, para evitarmos uma infesta\u00e7\u00e3o, e para isto a administra\u00e7\u00e3o municipal atrav\u00e9s da FUMSSAR\/Vigil\u00e2ncia em Sa\u00fade, tem tratado como prioridade\u201d.<\/p>\n","protected":false},"excerpt":{"rendered":"<p>Na \u00faltima segunda-feira, 18, estiveram em Porto Alegre a Gerente de Vigil\u00e2ncia em Sa\u00fade da&#8230;<\/p>\n","protected":false},"author":1,"featured_media":60,"comment_status":"open","ping_status":"open","sticky":false,"template":"","format":"standard","meta":{"footnotes":""},"categories":[2],"tags":[],"_links":{"self":[{"href":"https:\/\/www.fumssar.com.br\/index.php?rest_route=\/wp\/v2\/posts\/59"}],"collection":[{"href":"https:\/\/www.fumssar.com.br\/index.php?rest_route=\/wp\/v2\/posts"}],"about":[{"href":"https:\/\/www.fumssar.com.br\/index.php?rest_route=\/wp\/v2\/types\/post"}],"author":[{"embeddable":true,"href":"https:\/\/www.fumssar.com.br\/index.php?rest_route=\/wp\/v2\/users\/1"}],"replies":[{"embeddable":true,"href":"https:\/\/www.fumssar.com.br\/index.php?rest_route=%2Fwp%2Fv2%2Fcomments&post=59"}],"version-history":[{"count":2,"href":"https:\/\/www.fumssar.com.br\/index.php?rest_route=\/wp\/v2\/posts\/59\/revisions"}],"predecessor-version":[{"id":313,"href":"https:\/\/www.fumssar.com.br\/index.php?rest_route=\/wp\/v2\/posts\/59\/revisions\/313"}],"wp:featuredmedia":[{"embeddable":true,"href":"https:\/\/www.fumssar.com.br\/index.php?rest_route=\/wp\/v2\/media\/60"}],"wp:attachment":[{"href":"https:\/\/www.fumssar.com.br\/index.php?rest_route=%2Fwp%2Fv2%2Fmedia&parent=59"}],"wp:term":[{"taxonomy":"category","embeddable":true,"href":"https:\/\/www.fumssar.com.br\/index.php?rest_route=%2Fwp%2Fv2%2Fcategories&post=59"},{"taxonomy":"post_tag","embeddable":true,"href":"https:\/\/www.fumssar.com.br\/index.php?rest_route=%2Fwp%2Fv2%2Ftags&post=59"}],"curies":[{"name":"wp","href":"https:\/\/api.w.org\/{rel}","templated":true}]}}