{"id":5862,"date":"2015-11-17T14:53:31","date_gmt":"2015-11-17T17:53:31","guid":{"rendered":"http:\/\/www.fumssar.com.br\/?p=5862"},"modified":"2024-10-07T16:35:55","modified_gmt":"2024-10-07T19:35:55","slug":"cerest-fronteira-noroeste-comemorou-dois-anos-de-atividades","status":"publish","type":"post","link":"https:\/\/www.fumssar.com.br\/?p=5862","title":{"rendered":"CEREST Fronteira Noroeste comemorou dois anos de atividades"},"content":{"rendered":"<p>&nbsp;<\/p>\n<p>O Centro Regional de Refer\u00eancia em Sa\u00fade do Trabalhador-CEREST, comemorou nesta quarta-feira 11, dois anos de atividades na regi\u00e3o. Autoridades regionais, servidores e representantes da comunidade, participaram de um ato solene para marcar a data num encontro que al\u00e9m de festivo serviu tamb\u00e9m para avaliar os servi\u00e7os prestados. O diretor da Rede Complementar da FUMSSAR, D\u00e9lcio Stefam destacou a import\u00e2ncia dos servi\u00e7os prestados pela unidade, apresentando a equipe aos presentes e fazendo um relato das atividades. O presidente em exerc\u00edcio da FUMSSAR, Aldair Melchior explanou aos presentes que esta foi mais uma conquista da atual gest\u00e3o, que est\u00e1 comprometida com a sa\u00fade da comunidade. Melchior ressaltou que em breve o CEREST estar\u00e1 atendendo em sede pr\u00f3pria com instala\u00e7\u00f5es modernas devidamente planejadas para o atendimento ao trabalhador. Diversas atividades foram realizadas pela equipe, que na segunda-feira, 9, estiveram prestando servi\u00e7os e orienta\u00e7\u00f5es ao p\u00fablico na Prefeitura Municipal.<\/p>\n<p>&nbsp;<\/p>\n<p><a href=\"http:\/\/www.fumssar.com.br\/wp-content\/uploads\/2015\/11\/aniver-cerest-2.jpg\"><img loading=\"lazy\" decoding=\"async\" class=\"alignnone size-medium wp-image-5864\" alt=\"aniver cerest 2\" src=\"http:\/\/www.fumssar.com.br\/wp-content\/uploads\/2015\/11\/aniver-cerest-2-300x200.jpg\" width=\"300\" height=\"200\" srcset=\"https:\/\/www.fumssar.com.br\/wp-content\/uploads\/2015\/11\/aniver-cerest-2-300x200.jpg 300w, https:\/\/www.fumssar.com.br\/wp-content\/uploads\/2015\/11\/aniver-cerest-2.jpg 800w\" sizes=\"(max-width: 300px) 100vw, 300px\" \/><\/a><\/p>\n","protected":false},"excerpt":{"rendered":"<p>&nbsp; O Centro Regional de Refer\u00eancia em Sa\u00fade do Trabalhador-CEREST, comemorou nesta quarta-feira 11, dois&#8230;<\/p>\n","protected":false},"author":11,"featured_media":5863,"comment_status":"open","ping_status":"open","sticky":false,"template":"","format":"standard","meta":{"footnotes":""},"categories":[2],"tags":[],"_links":{"self":[{"href":"https:\/\/www.fumssar.com.br\/index.php?rest_route=\/wp\/v2\/posts\/5862"}],"collection":[{"href":"https:\/\/www.fumssar.com.br\/index.php?rest_route=\/wp\/v2\/posts"}],"about":[{"href":"https:\/\/www.fumssar.com.br\/index.php?rest_route=\/wp\/v2\/types\/post"}],"author":[{"embeddable":true,"href":"https:\/\/www.fumssar.com.br\/index.php?rest_route=\/wp\/v2\/users\/11"}],"replies":[{"embeddable":true,"href":"https:\/\/www.fumssar.com.br\/index.php?rest_route=%2Fwp%2Fv2%2Fcomments&post=5862"}],"version-history":[{"count":1,"href":"https:\/\/www.fumssar.com.br\/index.php?rest_route=\/wp\/v2\/posts\/5862\/revisions"}],"predecessor-version":[{"id":5865,"href":"https:\/\/www.fumssar.com.br\/index.php?rest_route=\/wp\/v2\/posts\/5862\/revisions\/5865"}],"wp:featuredmedia":[{"embeddable":true,"href":"https:\/\/www.fumssar.com.br\/index.php?rest_route=\/wp\/v2\/media\/5863"}],"wp:attachment":[{"href":"https:\/\/www.fumssar.com.br\/index.php?rest_route=%2Fwp%2Fv2%2Fmedia&parent=5862"}],"wp:term":[{"taxonomy":"category","embeddable":true,"href":"https:\/\/www.fumssar.com.br\/index.php?rest_route=%2Fwp%2Fv2%2Fcategories&post=5862"},{"taxonomy":"post_tag","embeddable":true,"href":"https:\/\/www.fumssar.com.br\/index.php?rest_route=%2Fwp%2Fv2%2Ftags&post=5862"}],"curies":[{"name":"wp","href":"https:\/\/api.w.org\/{rel}","templated":true}]}}