{"id":5820,"date":"2015-11-05T10:09:52","date_gmt":"2015-11-05T13:09:52","guid":{"rendered":"http:\/\/www.fumssar.com.br\/?p=5820"},"modified":"2024-10-07T16:35:55","modified_gmt":"2024-10-07T19:35:55","slug":"ubs-julio-de-oliveira-realizou-dia-da-escola-no-posto","status":"publish","type":"post","link":"https:\/\/www.fumssar.com.br\/?p=5820","title":{"rendered":"UBS J\u00falio de Oliveira realizou dia da escola no posto"},"content":{"rendered":"<p>Durante toda a quarta-feira 04, a Unidade B\u00e1sica de Sa\u00fade J\u00falio de Oliveira, recebeu alunos da Escola Municipal Pedro Speroni para uma atividade totalmente diferente dos servi\u00e7os prestados pelos profissionais da unidade. O \u201c Dia da Escola na Unidade de Sa\u00fade\u201d, \u00e9 um projeto dos profissionais que prestam servi\u00e7os de sa\u00fade na comunidade em conjunto com a escola e tem como objetivo vincular os jovens estudantes com o posto, levando o conhecimento dos servi\u00e7os ofertados bem como orienta\u00e7\u00f5es quanto \u00e0 preven\u00e7\u00e3o e tratamento de doen\u00e7as. Muitos profissionais envolveram nas atividades ofertadas durante o dia, e tamb\u00e9m foram realizados grupos, com rodas de conversas abordando temas pr\u00e9-selecionados pelos alunos tais como: sexualidade, sa\u00fade emocional e orienta\u00e7\u00e3o nutricional. A coordenadora da UBS Alice Hofferber, relatou que est\u00e1 a\u00e7\u00e3o pretende aproximar os jovens coma a unidade, afastando a vis\u00e3o de que o posto \u00e9 para quem est\u00e1 doente, para ela a forma\u00e7\u00e3o desde jovem do conhecimento sobre o servi\u00e7o de sa\u00fade do munic\u00edpio ir\u00e1 contribuir com o trabalho na unidade \u201c Queremos acabar com a vis\u00e3o de que o posto, e o profissional vestido de branco serve somente para aplicar inje\u00e7\u00e3o, isto \u00e9 o que pensam as crian\u00e7as hoje\u201d frisou Alice. Ela ressaltou que ao tomarem conhecimento dos trabalhos dos profissionais de sa\u00fade, os estudantes poder\u00e3o aproximar-se da unidade como usu\u00e1rios da unidade. O Presidente da FUMSSAR Dr. Lu\u00eds Ant\u00f4nio Benvegn\u00fa prestigiou o evento, parabenizando as equipes da UBS e da Escola pela iniciativa destacando a aproxima\u00e7\u00e3o das duas institui\u00e7\u00f5es em prol da sa\u00fade e bem estar social da comunidade. \u201c Este tipo de evento deve ser valorizado, pois o sistema de sa\u00fade de Santa Rosa foi constru\u00eddo com a participa\u00e7\u00e3o popular, e os jovens que hoje est\u00e3o aqui, poder\u00e3o ser agentes multiplicadores para a divulga\u00e7\u00e3o de um sistema que funciona muito bem\u201d ressaltou o Presidente ,para ele esta aproxima\u00e7\u00e3o poder\u00e1 produzir muitos frutos para a sa\u00fade da popula\u00e7\u00e3o do bairro. Os participantes receberam lanches e tamb\u00e9m atividades de confraterniza\u00e7\u00e3o.<\/p>\n<p>&nbsp;<\/p>\n","protected":false},"excerpt":{"rendered":"<p>Durante toda a quarta-feira 04, a Unidade B\u00e1sica de Sa\u00fade J\u00falio de Oliveira, recebeu alunos&#8230;<\/p>\n","protected":false},"author":11,"featured_media":5821,"comment_status":"open","ping_status":"open","sticky":false,"template":"","format":"standard","meta":{"footnotes":""},"categories":[2],"tags":[],"_links":{"self":[{"href":"https:\/\/www.fumssar.com.br\/index.php?rest_route=\/wp\/v2\/posts\/5820"}],"collection":[{"href":"https:\/\/www.fumssar.com.br\/index.php?rest_route=\/wp\/v2\/posts"}],"about":[{"href":"https:\/\/www.fumssar.com.br\/index.php?rest_route=\/wp\/v2\/types\/post"}],"author":[{"embeddable":true,"href":"https:\/\/www.fumssar.com.br\/index.php?rest_route=\/wp\/v2\/users\/11"}],"replies":[{"embeddable":true,"href":"https:\/\/www.fumssar.com.br\/index.php?rest_route=%2Fwp%2Fv2%2Fcomments&post=5820"}],"version-history":[{"count":1,"href":"https:\/\/www.fumssar.com.br\/index.php?rest_route=\/wp\/v2\/posts\/5820\/revisions"}],"predecessor-version":[{"id":5822,"href":"https:\/\/www.fumssar.com.br\/index.php?rest_route=\/wp\/v2\/posts\/5820\/revisions\/5822"}],"wp:featuredmedia":[{"embeddable":true,"href":"https:\/\/www.fumssar.com.br\/index.php?rest_route=\/wp\/v2\/media\/5821"}],"wp:attachment":[{"href":"https:\/\/www.fumssar.com.br\/index.php?rest_route=%2Fwp%2Fv2%2Fmedia&parent=5820"}],"wp:term":[{"taxonomy":"category","embeddable":true,"href":"https:\/\/www.fumssar.com.br\/index.php?rest_route=%2Fwp%2Fv2%2Fcategories&post=5820"},{"taxonomy":"post_tag","embeddable":true,"href":"https:\/\/www.fumssar.com.br\/index.php?rest_route=%2Fwp%2Fv2%2Ftags&post=5820"}],"curies":[{"name":"wp","href":"https:\/\/api.w.org\/{rel}","templated":true}]}}