{"id":5800,"date":"2015-10-29T15:43:38","date_gmt":"2015-10-29T18:43:38","guid":{"rendered":"http:\/\/www.fumssar.com.br\/?p=5800"},"modified":"2024-10-07T16:35:55","modified_gmt":"2024-10-07T19:35:55","slug":"direcao-da-fumssar-esteve-reunida-com-diretores-da-secretaria-estadual-de-saude-do-estado","status":"publish","type":"post","link":"https:\/\/www.fumssar.com.br\/?p=5800","title":{"rendered":"Dire\u00e7\u00e3o da FUMSSAR esteve reunida com diretores da  Secretaria Estadual de Sa\u00fade do Estado"},"content":{"rendered":"<p>Na manh\u00e3 de quarta-feira 28, o presidente da FUMSSAR, Dr. Lu\u00eds Ant\u00f4nio Benvegn\u00fa\u00a0 e o diretor de Gest\u00e3o Administrativa Aldair\u00a0 Melchior\u00a0 estiveram reunidos na Secretaria Estadual de Sa\u00fade do Estado com o diretor\u00a0 adjunto\u00a0 da DAHA Departamento de Assist\u00eancia\u00a0 Ambulatorial e Hospitalar da SES, e com o diretor Parlamentar\u00a0 Rog\u00e9rio Nardeli Kohlrausch. Na oportunidade a FUMSSAR, levou aos diretores a situa\u00e7\u00e3o do impacto financeiro da UTI Neonatal do Hospital Vida&amp; Sa\u00fade, solicitando o pagamento dos servi\u00e7os prestados at\u00e9 o momento, bem como a contratualiza\u00e7\u00e3o dos servi\u00e7os. Neste sentido a dire\u00e7\u00e3o da SES, pretende\u00a0 \u00a0assessorar a FUMSSAR para buscar uma solu\u00e7\u00e3o junto ao Minist\u00e9rio da Sa\u00fade. Tamb\u00e9m foi discutida a situa\u00e7\u00e3o dos atrasos nos repasses dos recursos para a manuten\u00e7\u00e3o dos servi\u00e7os da UPA e SAMU, o que os diretores da SES ressaltaram que ir\u00e3o empenhar-se o m\u00e1ximo para buscar uma solu\u00e7\u00e3o, destacando a crise financeira que o estado est\u00e1 enfrentando. Aldair Melchior disse que houve um avan\u00e7o neste encontro com rela\u00e7\u00e3o a UTI Neonatal do HVS e com rela\u00e7\u00e3o aos recursos a situa\u00e7\u00e3o \u00e9 preocupante uma vez que a manuten\u00e7\u00e3o destes servi\u00e7os \u00e9 muito importante para a popula\u00e7\u00e3o local e regional . Para o Dr. Lu\u00eds Ant\u00f4nio Benvegn\u00fa\u00a0 a\u00a0 FUMSSAR tem conseguido atrav\u00e9s de uma gest\u00e3o austera\u00a0 cumprir seus compromissos repassando recursos que competem ao munic\u00edpio em dia, bem como os sal\u00e1rios dos servidores mas existem repasses de outras esferas de governo \u00a0em que a Funda\u00e7\u00e3o n\u00e3o tem como manter com recursos pr\u00f3prios todos os servi\u00e7os prestados. At\u00e9 o presente momento nenhum servi\u00e7o foi o prejudicado tanto na rede prim\u00e1ria, como medicamentos, \u00a0postos \u00a0de sa\u00fade e tamb\u00e9m na compra de servi\u00e7os terceirizados. No momento a dire\u00e7\u00e3o da FUMSSAR est\u00e1 empenhada em garantir o pagamento do 13\u00ba dos servidores.<\/p>\n","protected":false},"excerpt":{"rendered":"<p>Na manh\u00e3 de quarta-feira 28, o presidente da FUMSSAR, Dr. Lu\u00eds Ant\u00f4nio Benvegn\u00fa\u00a0 e o&#8230;<\/p>\n","protected":false},"author":11,"featured_media":5802,"comment_status":"open","ping_status":"open","sticky":false,"template":"","format":"standard","meta":{"footnotes":""},"categories":[2],"tags":[],"_links":{"self":[{"href":"https:\/\/www.fumssar.com.br\/index.php?rest_route=\/wp\/v2\/posts\/5800"}],"collection":[{"href":"https:\/\/www.fumssar.com.br\/index.php?rest_route=\/wp\/v2\/posts"}],"about":[{"href":"https:\/\/www.fumssar.com.br\/index.php?rest_route=\/wp\/v2\/types\/post"}],"author":[{"embeddable":true,"href":"https:\/\/www.fumssar.com.br\/index.php?rest_route=\/wp\/v2\/users\/11"}],"replies":[{"embeddable":true,"href":"https:\/\/www.fumssar.com.br\/index.php?rest_route=%2Fwp%2Fv2%2Fcomments&post=5800"}],"version-history":[{"count":1,"href":"https:\/\/www.fumssar.com.br\/index.php?rest_route=\/wp\/v2\/posts\/5800\/revisions"}],"predecessor-version":[{"id":5803,"href":"https:\/\/www.fumssar.com.br\/index.php?rest_route=\/wp\/v2\/posts\/5800\/revisions\/5803"}],"wp:featuredmedia":[{"embeddable":true,"href":"https:\/\/www.fumssar.com.br\/index.php?rest_route=\/wp\/v2\/media\/5802"}],"wp:attachment":[{"href":"https:\/\/www.fumssar.com.br\/index.php?rest_route=%2Fwp%2Fv2%2Fmedia&parent=5800"}],"wp:term":[{"taxonomy":"category","embeddable":true,"href":"https:\/\/www.fumssar.com.br\/index.php?rest_route=%2Fwp%2Fv2%2Fcategories&post=5800"},{"taxonomy":"post_tag","embeddable":true,"href":"https:\/\/www.fumssar.com.br\/index.php?rest_route=%2Fwp%2Fv2%2Ftags&post=5800"}],"curies":[{"name":"wp","href":"https:\/\/api.w.org\/{rel}","templated":true}]}}