{"id":5780,"date":"2015-10-27T09:14:35","date_gmt":"2015-10-27T12:14:35","guid":{"rendered":"http:\/\/www.fumssar.com.br\/?p=5780"},"modified":"2024-10-07T16:35:55","modified_gmt":"2024-10-07T19:35:55","slug":"lancado-o-projeto-saude-e-educacao-agindo-com-conscientizacao","status":"publish","type":"post","link":"https:\/\/www.fumssar.com.br\/?p=5780","title":{"rendered":"Lan\u00e7ado o \u201cProjeto Sa\u00fade e Educa\u00e7\u00e3o: Agindo com Conscientiza\u00e7\u00e3o\u201d"},"content":{"rendered":"<p>Na manh\u00e3 desta segunda-feira 26, foi lan\u00e7ado oficialmente o \u201cProjeto Sa\u00fade e Educa\u00e7\u00e3o: Agindo com Conscientiza\u00e7\u00e3o\u201d, objetivando conscientizar a popula\u00e7\u00e3o do Bairro Auxiliadora sobre a preserva\u00e7\u00e3o e educa\u00e7\u00e3o ambiental. O projeto \u00e9 uma parceria entre a FUMSSAR, UBS\u00a0\u00a0 Auxiliadora, Prefeitura Municipal, Escola Estadual Joaquim Jos\u00e9 Felizardo \u2013 CIEP, ONG Terra Verde e Conselho Municipal de Sa\u00fade , foi constru\u00eddo dentro da comunidade envolvendo diversos agentes. Participaram do ato de lan\u00e7amento diretores da FUMSSAR, dire\u00e7\u00e3o, professores e alunos do CIEP, Conselho Municipal de Sa\u00fade e outras lideran\u00e7as. O projeto prev\u00ea diversas a\u00e7\u00f5es entre elas educativas com os alunos e\u00a0 envolvendo a comunidade escolar. Tamb\u00e9m as agentes de sa\u00fade estar\u00e3o abordando o tema meio ambiente junto com a comunidade. Placas foram confeccionadas e colocadas em diversos pontos da comunidade\u00a0 com orienta\u00e7\u00f5es de preserva\u00e7\u00e3o.<\/p>\n<p>&nbsp;<\/p>\n<p><a href=\"http:\/\/www.fumssar.com.br\/wp-content\/uploads\/2015\/10\/projeto-ambiente-3.jpg\"><img loading=\"lazy\" decoding=\"async\" class=\"alignnone size-medium wp-image-5782\" alt=\"projeto ambiente 3\" src=\"http:\/\/www.fumssar.com.br\/wp-content\/uploads\/2015\/10\/projeto-ambiente-3-300x225.jpg\" width=\"300\" height=\"225\" srcset=\"https:\/\/www.fumssar.com.br\/wp-content\/uploads\/2015\/10\/projeto-ambiente-3-300x225.jpg 300w, https:\/\/www.fumssar.com.br\/wp-content\/uploads\/2015\/10\/projeto-ambiente-3-1024x768.jpg 1024w, https:\/\/www.fumssar.com.br\/wp-content\/uploads\/2015\/10\/projeto-ambiente-3.jpg 1600w\" sizes=\"(max-width: 300px) 100vw, 300px\" \/><\/a><\/p>\n<p>&nbsp;<\/p>\n<p><a href=\"http:\/\/www.fumssar.com.br\/wp-content\/uploads\/2015\/10\/projeto-ambiente-2.jpg\"><img loading=\"lazy\" decoding=\"async\" class=\"alignnone size-medium wp-image-5783\" alt=\"projeto ambiente 2\" src=\"http:\/\/www.fumssar.com.br\/wp-content\/uploads\/2015\/10\/projeto-ambiente-2-300x225.jpg\" width=\"300\" height=\"225\" srcset=\"https:\/\/www.fumssar.com.br\/wp-content\/uploads\/2015\/10\/projeto-ambiente-2-300x225.jpg 300w, https:\/\/www.fumssar.com.br\/wp-content\/uploads\/2015\/10\/projeto-ambiente-2.jpg 800w\" sizes=\"(max-width: 300px) 100vw, 300px\" \/><\/a><\/p>\n","protected":false},"excerpt":{"rendered":"<p>Na manh\u00e3 desta segunda-feira 26, foi lan\u00e7ado oficialmente o \u201cProjeto Sa\u00fade e Educa\u00e7\u00e3o: Agindo com&#8230;<\/p>\n","protected":false},"author":11,"featured_media":5781,"comment_status":"open","ping_status":"open","sticky":false,"template":"","format":"standard","meta":{"footnotes":""},"categories":[2],"tags":[],"_links":{"self":[{"href":"https:\/\/www.fumssar.com.br\/index.php?rest_route=\/wp\/v2\/posts\/5780"}],"collection":[{"href":"https:\/\/www.fumssar.com.br\/index.php?rest_route=\/wp\/v2\/posts"}],"about":[{"href":"https:\/\/www.fumssar.com.br\/index.php?rest_route=\/wp\/v2\/types\/post"}],"author":[{"embeddable":true,"href":"https:\/\/www.fumssar.com.br\/index.php?rest_route=\/wp\/v2\/users\/11"}],"replies":[{"embeddable":true,"href":"https:\/\/www.fumssar.com.br\/index.php?rest_route=%2Fwp%2Fv2%2Fcomments&post=5780"}],"version-history":[{"count":1,"href":"https:\/\/www.fumssar.com.br\/index.php?rest_route=\/wp\/v2\/posts\/5780\/revisions"}],"predecessor-version":[{"id":5784,"href":"https:\/\/www.fumssar.com.br\/index.php?rest_route=\/wp\/v2\/posts\/5780\/revisions\/5784"}],"wp:featuredmedia":[{"embeddable":true,"href":"https:\/\/www.fumssar.com.br\/index.php?rest_route=\/wp\/v2\/media\/5781"}],"wp:attachment":[{"href":"https:\/\/www.fumssar.com.br\/index.php?rest_route=%2Fwp%2Fv2%2Fmedia&parent=5780"}],"wp:term":[{"taxonomy":"category","embeddable":true,"href":"https:\/\/www.fumssar.com.br\/index.php?rest_route=%2Fwp%2Fv2%2Fcategories&post=5780"},{"taxonomy":"post_tag","embeddable":true,"href":"https:\/\/www.fumssar.com.br\/index.php?rest_route=%2Fwp%2Fv2%2Ftags&post=5780"}],"curies":[{"name":"wp","href":"https:\/\/api.w.org\/{rel}","templated":true}]}}