{"id":578,"date":"2014-01-16T13:06:27","date_gmt":"2014-01-16T13:06:27","guid":{"rendered":"http:\/\/www.fumssar.com.br\/?p=578"},"modified":"2024-10-07T16:36:22","modified_gmt":"2024-10-07T19:36:22","slug":"representantes-da-ses-visitam-policlinica","status":"publish","type":"post","link":"https:\/\/www.fumssar.com.br\/?p=578","title":{"rendered":"Representantes da SES visitam Policl\u00ednica"},"content":{"rendered":"<p>Na \u00faltima ter\u00e7a-feira, 14, o presidente da Funda\u00e7\u00e3o Municipal de Sa\u00fade, Dr. Lu\u00eds Ant\u00f4nio Benvegn\u00fa, juntamente com representantes da Secretaria Estadual de Sa\u00fade, visitaram a Policl\u00ednica de Santa Rosa.<!--more--><br \/>\nO objetivo da visita foi mostrar aos t\u00e9cnicos do Estado o Centro de Oftalmologia, bem como todas as instala\u00e7\u00f5es do pr\u00e9dio que atende pelo SUS.<br \/>\nO Centro de Oftalmologia j\u00e1 est\u00e1 atendendo consultas ao SUS via COFRON, mas os valores para o atendimento pelo SUS via FUMSSAR, que permitir\u00e1 outros exames e inclusive cirurgias, precisam ser aprovados na Secretaria Estadual e na Bipartite.<br \/>\nA visita causou boa impress\u00e3o e o compromisso de atender bem ao SUS ficou evidente, resultando num compromisso de acelerar ao m\u00e1ximo os tramites para que o atendimento inicie o mais r\u00e1pido poss\u00edvel.<br \/>\n\u201cEsta articula\u00e7\u00e3o come\u00e7ou ainda em junho quando buscamos junto ao Dr. Benedetti a possibilidade deste servi\u00e7o na Policl\u00ednica e a possibilidade do teto (valores) junto \u00e0 SES, uma vez que a nossa maior fila de espera \u00e9 para oftalmologista\u201d, relata Benvegn\u00fa. \u201cAgora estamos muito perto da oferta de mais este quantitativo de servi\u00e7os\u201d, finaliza o presidente da FUMSSAR.<a href=\"http:\/\/www.fumssar.com.br\/wp-content\/uploads\/2014\/01\/DSCN4989.jpg\"><img loading=\"lazy\" decoding=\"async\" class=\"alignnone size-medium wp-image-579\" alt=\"DSCN4989\" src=\"http:\/\/www.fumssar.com.br\/wp-content\/uploads\/2014\/01\/DSCN4989-300x225.jpg\" width=\"300\" height=\"225\" srcset=\"https:\/\/www.fumssar.com.br\/wp-content\/uploads\/2014\/01\/DSCN4989-300x225.jpg 300w, https:\/\/www.fumssar.com.br\/wp-content\/uploads\/2014\/01\/DSCN4989-1024x768.jpg 1024w\" sizes=\"(max-width: 300px) 100vw, 300px\" \/><\/a><a href=\"http:\/\/www.fumssar.com.br\/wp-content\/uploads\/2014\/01\/policlinica.jpg\"><img loading=\"lazy\" decoding=\"async\" class=\"alignnone size-medium wp-image-580\" alt=\"policlinica\" src=\"http:\/\/www.fumssar.com.br\/wp-content\/uploads\/2014\/01\/policlinica-300x225.jpg\" width=\"300\" height=\"225\" srcset=\"https:\/\/www.fumssar.com.br\/wp-content\/uploads\/2014\/01\/policlinica-300x225.jpg 300w, https:\/\/www.fumssar.com.br\/wp-content\/uploads\/2014\/01\/policlinica-1024x768.jpg 1024w\" sizes=\"(max-width: 300px) 100vw, 300px\" \/><\/a><\/p>\n","protected":false},"excerpt":{"rendered":"<p>Na \u00faltima ter\u00e7a-feira, 14, o presidente da Funda\u00e7\u00e3o Municipal de Sa\u00fade, Dr. Lu\u00eds Ant\u00f4nio Benvegn\u00fa,&#8230;<\/p>\n","protected":false},"author":3,"featured_media":575,"comment_status":"open","ping_status":"open","sticky":false,"template":"","format":"standard","meta":{"footnotes":""},"categories":[2],"tags":[],"_links":{"self":[{"href":"https:\/\/www.fumssar.com.br\/index.php?rest_route=\/wp\/v2\/posts\/578"}],"collection":[{"href":"https:\/\/www.fumssar.com.br\/index.php?rest_route=\/wp\/v2\/posts"}],"about":[{"href":"https:\/\/www.fumssar.com.br\/index.php?rest_route=\/wp\/v2\/types\/post"}],"author":[{"embeddable":true,"href":"https:\/\/www.fumssar.com.br\/index.php?rest_route=\/wp\/v2\/users\/3"}],"replies":[{"embeddable":true,"href":"https:\/\/www.fumssar.com.br\/index.php?rest_route=%2Fwp%2Fv2%2Fcomments&post=578"}],"version-history":[{"count":1,"href":"https:\/\/www.fumssar.com.br\/index.php?rest_route=\/wp\/v2\/posts\/578\/revisions"}],"predecessor-version":[{"id":581,"href":"https:\/\/www.fumssar.com.br\/index.php?rest_route=\/wp\/v2\/posts\/578\/revisions\/581"}],"wp:featuredmedia":[{"embeddable":true,"href":"https:\/\/www.fumssar.com.br\/index.php?rest_route=\/wp\/v2\/media\/575"}],"wp:attachment":[{"href":"https:\/\/www.fumssar.com.br\/index.php?rest_route=%2Fwp%2Fv2%2Fmedia&parent=578"}],"wp:term":[{"taxonomy":"category","embeddable":true,"href":"https:\/\/www.fumssar.com.br\/index.php?rest_route=%2Fwp%2Fv2%2Fcategories&post=578"},{"taxonomy":"post_tag","embeddable":true,"href":"https:\/\/www.fumssar.com.br\/index.php?rest_route=%2Fwp%2Fv2%2Ftags&post=578"}],"curies":[{"name":"wp","href":"https:\/\/api.w.org\/{rel}","templated":true}]}}