{"id":5733,"date":"2015-10-19T13:56:12","date_gmt":"2015-10-19T16:56:12","guid":{"rendered":"http:\/\/www.fumssar.com.br\/?p=5733"},"modified":"2024-10-07T16:35:55","modified_gmt":"2024-10-07T19:35:55","slug":"conferencia-sobre-suicidio-superou-expectativas","status":"publish","type":"post","link":"https:\/\/www.fumssar.com.br\/?p=5733","title":{"rendered":"Confer\u00eancia sobre suic\u00eddio superou expectativas"},"content":{"rendered":"<p>A Confer\u00eancia: \u201cSuic\u00eddio \u00e9 Poss\u00edvel Prevenir\u201d, realizado na sexta-feira 16, superou todas as expectativas de p\u00fablico. O evento que foi organizado pela equipe do CAPS II Novo Rumo da Funda\u00e7\u00e3o Municipal de Sa\u00fade \u2013 FUMSSAR, discutiu o tema que \u00e9 muito preocupante. O audit\u00f3rio da UNIJU\u00cc foi o palco de palestras e mesas de debates durante o dia e tamb\u00e9m a noite. Na parte da manh\u00e3 ap\u00f3s a abertura oficial com a presen\u00e7a de autoridades, primeiramente foram apresentados dados e n\u00fameros por parte de representantes da 14\u00aa coordenadoria regional de sa\u00fade e da FUMSSAR sobre o tema na regi\u00e3o e no munic\u00edpio. A primeira palestra ficou a cargo da Dr\u00aa. Cl\u00e1udia Weyne Cruz da escola de sa\u00fade p\u00fablica do estado, abordou o tema:\u201d Suic\u00eddios no Sul do Brasil\u201d . A profissional tamb\u00e9m abordou o tema: \u201c Aut\u00f3psia Psicol\u00f3gica\u201d. Na parte da tarde o Dr. PHD Neury Jos\u00e9 Botega da UNICAMP\/SP, primeiramente proferiu palestra com o tema: \u201c Avalia\u00e7\u00e3o e Manejo do Risco do Suic\u00eddio\u201d. Ainda na parte da tarde Botega abordou o tema: \u201cImpacto do Comportamento Suicida\u201d, e na parte da noite ele palestrou sobre \u201c O Suic\u00eddio \u00e9 Poss\u00edvel Prevenir\u201d, que era o t\u00edtulo da confer\u00eancia. Profissionais das \u00e1reas de sa\u00fade, educa\u00e7\u00e3o, seguran\u00e7a p\u00fablica, judici\u00e1rio, estudantes e popula\u00e7\u00e3o em geral lotaram o audit\u00f3rio durante os tr\u00eas turnos. Os organizadores identificaram que diversas regi\u00f5es do estado tiveram representantes no evento. O presidente da FUMSSAR, Dr. Lu\u00eds Ant\u00f4nio classificou o evento como muito produtivo e de \u00f3tima qualidade, ressaltando que cada participante ir\u00e1 levar para si conhecimentos para tratar com um problema de sa\u00fade p\u00fablica e social que \u00e9 o suic\u00eddio.<\/p>\n<p>&nbsp;<\/p>\n","protected":false},"excerpt":{"rendered":"<p>A Confer\u00eancia: \u201cSuic\u00eddio \u00e9 Poss\u00edvel Prevenir\u201d, realizado na sexta-feira 16, superou todas as expectativas de&#8230;<\/p>\n","protected":false},"author":11,"featured_media":5734,"comment_status":"open","ping_status":"open","sticky":false,"template":"","format":"standard","meta":{"footnotes":""},"categories":[2],"tags":[],"_links":{"self":[{"href":"https:\/\/www.fumssar.com.br\/index.php?rest_route=\/wp\/v2\/posts\/5733"}],"collection":[{"href":"https:\/\/www.fumssar.com.br\/index.php?rest_route=\/wp\/v2\/posts"}],"about":[{"href":"https:\/\/www.fumssar.com.br\/index.php?rest_route=\/wp\/v2\/types\/post"}],"author":[{"embeddable":true,"href":"https:\/\/www.fumssar.com.br\/index.php?rest_route=\/wp\/v2\/users\/11"}],"replies":[{"embeddable":true,"href":"https:\/\/www.fumssar.com.br\/index.php?rest_route=%2Fwp%2Fv2%2Fcomments&post=5733"}],"version-history":[{"count":1,"href":"https:\/\/www.fumssar.com.br\/index.php?rest_route=\/wp\/v2\/posts\/5733\/revisions"}],"predecessor-version":[{"id":5736,"href":"https:\/\/www.fumssar.com.br\/index.php?rest_route=\/wp\/v2\/posts\/5733\/revisions\/5736"}],"wp:featuredmedia":[{"embeddable":true,"href":"https:\/\/www.fumssar.com.br\/index.php?rest_route=\/wp\/v2\/media\/5734"}],"wp:attachment":[{"href":"https:\/\/www.fumssar.com.br\/index.php?rest_route=%2Fwp%2Fv2%2Fmedia&parent=5733"}],"wp:term":[{"taxonomy":"category","embeddable":true,"href":"https:\/\/www.fumssar.com.br\/index.php?rest_route=%2Fwp%2Fv2%2Fcategories&post=5733"},{"taxonomy":"post_tag","embeddable":true,"href":"https:\/\/www.fumssar.com.br\/index.php?rest_route=%2Fwp%2Fv2%2Ftags&post=5733"}],"curies":[{"name":"wp","href":"https:\/\/api.w.org\/{rel}","templated":true}]}}