{"id":573,"date":"2014-01-16T11:09:35","date_gmt":"2014-01-16T11:09:35","guid":{"rendered":"http:\/\/www.fumssar.com.br\/?p=573"},"modified":"2024-10-07T16:36:22","modified_gmt":"2024-10-07T19:36:22","slug":"fumssar-recebe-visita-de-representantes-da-ses","status":"publish","type":"post","link":"https:\/\/www.fumssar.com.br\/?p=573","title":{"rendered":"FUMSSAR recebe visita de representantes da SES"},"content":{"rendered":"<p align=\"JUSTIFY\"><strong>\u00a0<\/strong>Na tarde da \u00faltima ter\u00e7a-feira, 14, o vice-prefeito e presidente da Funda\u00e7\u00e3o Municipal de Sa\u00fade, Dr. Lu\u00eds Ant\u00f4nio Benvegn\u00fa, recebeu em seu gabinete na FUMSSAR o diretor Adjunto do Departamento de Aten\u00e7\u00e3o Hospitalar e Ambulatorial, Dr. Gilson \u00c1vila Martinez e o coordenador da Rede de Urg\u00eancia e Emerg\u00eancia da Secretaria Estadual de Sa\u00fade, Ramon Garcia.<!--more--><\/p>\n<p align=\"JUSTIFY\">Na oportunidade foi realizada uma visita ao pr\u00e9dio da UPA que causou muito boa impress\u00e3o aos visitantes tanto pelo pr\u00e9dio como pelos resultados obtidos com o valor investido. \u201cQuando a gente v\u00ea uma estrutura destas d\u00e1 satisfa\u00e7\u00e3o de ter destinado o recurso p\u00fablico para a obra\u201d, comentou o diretor adjunto.<\/p>\n<p align=\"JUSTIFY\">\u00a0Al\u00e9m da visita ao pr\u00e9dio foi trazida a not\u00edcia de que a Secretaria de Sa\u00fade do Estado pretende apresentar proposta de bancar a diferen\u00e7a entre os valores pagos na UPA habilitada e certificada. Com a habilita\u00e7\u00e3o a ser realizada pelo Minist\u00e9rio, a Funda\u00e7\u00e3o receberia cerca de R$ 300 mil mensais, ap\u00f3s a Certifica\u00e7\u00e3o que \u00e9 uma avalia\u00e7\u00e3o feita pelo Minist\u00e9rio na UPA j\u00e1 em funcionamento, a Funda\u00e7\u00e3o receber\u00e1 R$ 525 mil mensais para fazer frente aos custos.<\/p>\n<p align=\"JUSTIFY\">\u00a0Como n\u00e3o h\u00e1 certeza do tempo que levar\u00e1 a certifica\u00e7\u00e3o existe uma inseguran\u00e7a em todos os munic\u00edpios que t\u00eam UPA em fun\u00e7\u00e3o da possibilidade de gastos elevados. Acredita-se que o processo de certifica\u00e7\u00e3o deva ocorrer em no m\u00e1ximo dois meses.<\/p>\n<p align=\"JUSTIFY\">\u00a0\u201cCaso se concretize a proposta do Estado de bancar a diferen\u00e7a at\u00e9 a certifica\u00e7\u00e3o, j\u00e1 podemos pensar em iniciar as atividades\u201d, relata Benvegn\u00fa. \u201cCom estas defini\u00e7\u00f5es vamos acelerar os demais procedimentos que passam pela defini\u00e7\u00e3o da gest\u00e3o e a finaliza\u00e7\u00e3o da instala\u00e7\u00e3o dos equipamentos\u201d complementa.<\/p>\n<p align=\"JUSTIFY\">\u00a0Ap\u00f3s a visita a UPA, tamb\u00e9m foram visitados o pr\u00e9dio do novo Centro de Especialidades, a Assist\u00eancia Farmac\u00eautica, o Centro de Oftalmologia na Policl\u00ednica e a antiga casa da AJURIS, que dever\u00e1 ser reformada para o funcionamento do CER (Centro Especializado em Reabilita\u00e7\u00e3o Auditiva e Intelectual).<\/p>\n<p align=\"JUSTIFY\">\u00a0A Funda\u00e7\u00e3o busca apoio para a conclus\u00e3o do Centro de Especialidades onde funcionar\u00e3o os servi\u00e7os hoje executados na Rua Fernando Ferrari, incluindo o Respiranet que \u00e9 uma parceria com a Secretaria Estadual, e tamb\u00e9m a Assist\u00eancia Farmac\u00eautica. Por isso, foi realizada visita ao local de atendimento atual da Assist\u00eancia Farmac\u00eautica onde foram apresentadas as estrat\u00e9gias da Central de Medicamentos causando forte impress\u00e3o positiva aos visitantes que elogiaram o n\u00edvel de organiza\u00e7\u00e3o do sistema em Santa Rosa.<\/p>\n<p align=\"JUSTIFY\"><a href=\"http:\/\/www.fumssar.com.br\/wp-content\/uploads\/2014\/01\/farmacia.jpg\"><img loading=\"lazy\" decoding=\"async\" class=\"alignnone size-medium wp-image-574\" alt=\"farmacia\" src=\"http:\/\/www.fumssar.com.br\/wp-content\/uploads\/2014\/01\/farmacia-300x225.jpg\" width=\"300\" height=\"225\" srcset=\"https:\/\/www.fumssar.com.br\/wp-content\/uploads\/2014\/01\/farmacia-300x225.jpg 300w, https:\/\/www.fumssar.com.br\/wp-content\/uploads\/2014\/01\/farmacia-1024x768.jpg 1024w\" sizes=\"(max-width: 300px) 100vw, 300px\" \/><\/a><a href=\"http:\/\/www.fumssar.com.br\/wp-content\/uploads\/2014\/01\/OFTLAMO01.jpg\"><img loading=\"lazy\" decoding=\"async\" class=\"alignnone size-medium wp-image-575\" alt=\"OFTLAMO01\" src=\"http:\/\/www.fumssar.com.br\/wp-content\/uploads\/2014\/01\/OFTLAMO01-300x225.jpg\" width=\"300\" height=\"225\" srcset=\"https:\/\/www.fumssar.com.br\/wp-content\/uploads\/2014\/01\/OFTLAMO01-300x225.jpg 300w, https:\/\/www.fumssar.com.br\/wp-content\/uploads\/2014\/01\/OFTLAMO01-1024x768.jpg 1024w\" sizes=\"(max-width: 300px) 100vw, 300px\" \/><\/a><\/p>\n","protected":false},"excerpt":{"rendered":"<p>\u00a0Na tarde da \u00faltima ter\u00e7a-feira, 14, o vice-prefeito e presidente da Funda\u00e7\u00e3o Municipal de Sa\u00fade,&#8230;<\/p>\n","protected":false},"author":3,"featured_media":576,"comment_status":"open","ping_status":"open","sticky":false,"template":"","format":"standard","meta":{"footnotes":""},"categories":[2],"tags":[],"_links":{"self":[{"href":"https:\/\/www.fumssar.com.br\/index.php?rest_route=\/wp\/v2\/posts\/573"}],"collection":[{"href":"https:\/\/www.fumssar.com.br\/index.php?rest_route=\/wp\/v2\/posts"}],"about":[{"href":"https:\/\/www.fumssar.com.br\/index.php?rest_route=\/wp\/v2\/types\/post"}],"author":[{"embeddable":true,"href":"https:\/\/www.fumssar.com.br\/index.php?rest_route=\/wp\/v2\/users\/3"}],"replies":[{"embeddable":true,"href":"https:\/\/www.fumssar.com.br\/index.php?rest_route=%2Fwp%2Fv2%2Fcomments&post=573"}],"version-history":[{"count":1,"href":"https:\/\/www.fumssar.com.br\/index.php?rest_route=\/wp\/v2\/posts\/573\/revisions"}],"predecessor-version":[{"id":577,"href":"https:\/\/www.fumssar.com.br\/index.php?rest_route=\/wp\/v2\/posts\/573\/revisions\/577"}],"wp:featuredmedia":[{"embeddable":true,"href":"https:\/\/www.fumssar.com.br\/index.php?rest_route=\/wp\/v2\/media\/576"}],"wp:attachment":[{"href":"https:\/\/www.fumssar.com.br\/index.php?rest_route=%2Fwp%2Fv2%2Fmedia&parent=573"}],"wp:term":[{"taxonomy":"category","embeddable":true,"href":"https:\/\/www.fumssar.com.br\/index.php?rest_route=%2Fwp%2Fv2%2Fcategories&post=573"},{"taxonomy":"post_tag","embeddable":true,"href":"https:\/\/www.fumssar.com.br\/index.php?rest_route=%2Fwp%2Fv2%2Ftags&post=573"}],"curies":[{"name":"wp","href":"https:\/\/api.w.org\/{rel}","templated":true}]}}