{"id":5729,"date":"2015-10-19T13:52:16","date_gmt":"2015-10-19T16:52:16","guid":{"rendered":"http:\/\/www.fumssar.com.br\/?p=5729"},"modified":"2024-10-07T16:35:55","modified_gmt":"2024-10-07T19:35:55","slug":"unidade-de-saude-da-esperanca-realizou-festa-das-criancas","status":"publish","type":"post","link":"https:\/\/www.fumssar.com.br\/?p=5729","title":{"rendered":"Unidade de Sa\u00fade da Esperan\u00e7a realizou festa das crian\u00e7as"},"content":{"rendered":"<p>Uma festa reuniu centenas de crian\u00e7as da Unidade B\u00e1sica de Sa\u00fade da Fam\u00edlia da Vila Esperan\u00e7a na tarde de s\u00e1bado 17. O evento foi organizado pelas agentes comunit\u00e1rias de sa\u00fade e pelas integrantes do grupo terap\u00eautico da localidade. Crian\u00e7as das invernadas do CTG Sep\u00e9 Tiaraj\u00fa realizaram apresenta\u00e7\u00f5es de dan\u00e7as ga\u00fachas e teve tamb\u00e9m um desfile de modas com modelos mirins da pr\u00f3pria comunidade. As crian\u00e7as tamb\u00e9m desfrutaram de lanches, refrigerantes, doces e divertiram-se com brinquedos instalados no sal\u00e3o comunit\u00e1rio local. Liane Klein coordenadora da unidade explicou que as ACS juntamente com grupo terap\u00eautico empenharam-se muito para que o evento fosse realizado. Para ela o resultado da alegria das crian\u00e7as \u00e9 satisfat\u00f3rio para os organizadores. O diretor da gest\u00e3o administrativa da Funda\u00e7\u00e3o Municipal de Sa\u00fade-FUMSSAR, Aldair Melchior, acompanhado de outros servidores, falou em nome da institui\u00e7\u00e3o destacando a import\u00e2ncia do evento para as crian\u00e7as, e para a comunidade. Melchior disse que estas a\u00e7\u00f5es levam alegria para os pequenos e mant\u00e9m uma aproxima\u00e7\u00e3o com os usu\u00e1rios. \u201cParabenizamos aos organizadores e a comunidade pela participa\u00e7\u00e3o neste evento cheio de alegria e divers\u00e3o\u201d ressaltou o diretor.<\/p>\n<p>&nbsp;<\/p>\n<p><a href=\"http:\/\/www.fumssar.com.br\/wp-content\/uploads\/2015\/10\/festa-esperan\u00e7a.jpg\"><img loading=\"lazy\" decoding=\"async\" class=\"alignnone size-medium wp-image-5731\" alt=\"festa esperan\u00e7a\" src=\"http:\/\/www.fumssar.com.br\/wp-content\/uploads\/2015\/10\/festa-esperan\u00e7a-300x225.jpg\" width=\"300\" height=\"225\" srcset=\"https:\/\/www.fumssar.com.br\/wp-content\/uploads\/2015\/10\/festa-esperan\u00e7a-300x225.jpg 300w, https:\/\/www.fumssar.com.br\/wp-content\/uploads\/2015\/10\/festa-esperan\u00e7a-1024x768.jpg 1024w, https:\/\/www.fumssar.com.br\/wp-content\/uploads\/2015\/10\/festa-esperan\u00e7a.jpg 1600w\" sizes=\"(max-width: 300px) 100vw, 300px\" \/><\/a><\/p>\n<p>&nbsp;<\/p>\n","protected":false},"excerpt":{"rendered":"<p>Uma festa reuniu centenas de crian\u00e7as da Unidade B\u00e1sica de Sa\u00fade da Fam\u00edlia da Vila&#8230;<\/p>\n","protected":false},"author":11,"featured_media":5730,"comment_status":"open","ping_status":"open","sticky":false,"template":"","format":"standard","meta":{"footnotes":""},"categories":[2],"tags":[],"_links":{"self":[{"href":"https:\/\/www.fumssar.com.br\/index.php?rest_route=\/wp\/v2\/posts\/5729"}],"collection":[{"href":"https:\/\/www.fumssar.com.br\/index.php?rest_route=\/wp\/v2\/posts"}],"about":[{"href":"https:\/\/www.fumssar.com.br\/index.php?rest_route=\/wp\/v2\/types\/post"}],"author":[{"embeddable":true,"href":"https:\/\/www.fumssar.com.br\/index.php?rest_route=\/wp\/v2\/users\/11"}],"replies":[{"embeddable":true,"href":"https:\/\/www.fumssar.com.br\/index.php?rest_route=%2Fwp%2Fv2%2Fcomments&post=5729"}],"version-history":[{"count":1,"href":"https:\/\/www.fumssar.com.br\/index.php?rest_route=\/wp\/v2\/posts\/5729\/revisions"}],"predecessor-version":[{"id":5732,"href":"https:\/\/www.fumssar.com.br\/index.php?rest_route=\/wp\/v2\/posts\/5729\/revisions\/5732"}],"wp:featuredmedia":[{"embeddable":true,"href":"https:\/\/www.fumssar.com.br\/index.php?rest_route=\/wp\/v2\/media\/5730"}],"wp:attachment":[{"href":"https:\/\/www.fumssar.com.br\/index.php?rest_route=%2Fwp%2Fv2%2Fmedia&parent=5729"}],"wp:term":[{"taxonomy":"category","embeddable":true,"href":"https:\/\/www.fumssar.com.br\/index.php?rest_route=%2Fwp%2Fv2%2Fcategories&post=5729"},{"taxonomy":"post_tag","embeddable":true,"href":"https:\/\/www.fumssar.com.br\/index.php?rest_route=%2Fwp%2Fv2%2Ftags&post=5729"}],"curies":[{"name":"wp","href":"https:\/\/api.w.org\/{rel}","templated":true}]}}