{"id":5665,"date":"2015-10-09T11:23:55","date_gmt":"2015-10-09T14:23:55","guid":{"rendered":"http:\/\/www.fumssar.com.br\/?p=5665"},"modified":"2024-10-07T16:35:55","modified_gmt":"2024-10-07T19:35:55","slug":"reuniao-da-comunidade-da-julio-de-oliveira-avaliou-sistema-de-saude","status":"publish","type":"post","link":"https:\/\/www.fumssar.com.br\/?p=5665","title":{"rendered":"Reuni\u00e3o da comunidade da J\u00falio de Oliveira avaliou sistema de sa\u00fade"},"content":{"rendered":"<p>&nbsp;<\/p>\n<p>A comunidade da J\u00falio de Oliveira realizou na noite desta quinta- feira, 8, uma reuni\u00e3o para discutir e avaliar o atendimento do sistema de sa\u00fade daquela comunidade. No evento usu\u00e1rios, equipe da unidade b\u00e1sica de sa\u00fade e gestores da Funda\u00e7\u00e3o Municipal de Sa\u00fade- FUMSSAR, tiveram a oportunidade de avaliar os servi\u00e7os prestados pelo sistema \u00e0 popula\u00e7\u00e3o local. Alice Hofferber, coordenadora da unidade, fez um relato dos servi\u00e7os prestados pela equipe no per\u00edodo de janeiro a setembro de 2015 que chegaram a 15 mil atendimentos, para um p\u00fablico alvo da unidade estimado em cerca de 5 mil habitantes. Diversas atividades da unidade foram discutidas e explanadas durante a reuni\u00e3o que contou com a presen\u00e7a do presidente da FUMSSAR Dr. Lu\u00eds Ant\u00f4nio Benvegn\u00fa que destacou a import\u00e2ncia da participa\u00e7\u00e3o da popula\u00e7\u00e3o na constru\u00e7\u00e3o do sistema de atendimento de cada comunidade. \u201ceste \u00e9 o momento de discutir o que queremos de melhor no atendimento\u201d. Frisou o presidente que explanou aos presentes as conquistas da comunidade tanto na quest\u00e3o da sa\u00fade que avan\u00e7ou muito, bem como em outras conquistas da comunidade. A diretora da gest\u00e3o prim\u00e1ria da FUMSSAR Elisiane Bisognin, ressaltou que a atual gest\u00e3o tem se empenhado em buscar na comunidade mecanismos para humanizar os servi\u00e7os prestados \u00e0 popula\u00e7\u00e3o usu\u00e1ria do SUS.<\/p>\n","protected":false},"excerpt":{"rendered":"<p>&nbsp; A comunidade da J\u00falio de Oliveira realizou na noite desta quinta- feira, 8, uma&#8230;<\/p>\n","protected":false},"author":11,"featured_media":5666,"comment_status":"open","ping_status":"open","sticky":false,"template":"","format":"standard","meta":{"footnotes":""},"categories":[2],"tags":[],"_links":{"self":[{"href":"https:\/\/www.fumssar.com.br\/index.php?rest_route=\/wp\/v2\/posts\/5665"}],"collection":[{"href":"https:\/\/www.fumssar.com.br\/index.php?rest_route=\/wp\/v2\/posts"}],"about":[{"href":"https:\/\/www.fumssar.com.br\/index.php?rest_route=\/wp\/v2\/types\/post"}],"author":[{"embeddable":true,"href":"https:\/\/www.fumssar.com.br\/index.php?rest_route=\/wp\/v2\/users\/11"}],"replies":[{"embeddable":true,"href":"https:\/\/www.fumssar.com.br\/index.php?rest_route=%2Fwp%2Fv2%2Fcomments&post=5665"}],"version-history":[{"count":1,"href":"https:\/\/www.fumssar.com.br\/index.php?rest_route=\/wp\/v2\/posts\/5665\/revisions"}],"predecessor-version":[{"id":5667,"href":"https:\/\/www.fumssar.com.br\/index.php?rest_route=\/wp\/v2\/posts\/5665\/revisions\/5667"}],"wp:featuredmedia":[{"embeddable":true,"href":"https:\/\/www.fumssar.com.br\/index.php?rest_route=\/wp\/v2\/media\/5666"}],"wp:attachment":[{"href":"https:\/\/www.fumssar.com.br\/index.php?rest_route=%2Fwp%2Fv2%2Fmedia&parent=5665"}],"wp:term":[{"taxonomy":"category","embeddable":true,"href":"https:\/\/www.fumssar.com.br\/index.php?rest_route=%2Fwp%2Fv2%2Fcategories&post=5665"},{"taxonomy":"post_tag","embeddable":true,"href":"https:\/\/www.fumssar.com.br\/index.php?rest_route=%2Fwp%2Fv2%2Ftags&post=5665"}],"curies":[{"name":"wp","href":"https:\/\/api.w.org\/{rel}","templated":true}]}}