{"id":5658,"date":"2015-10-09T11:18:15","date_gmt":"2015-10-09T14:18:15","guid":{"rendered":"http:\/\/www.fumssar.com.br\/?p=5658"},"modified":"2024-10-07T16:35:55","modified_gmt":"2024-10-07T19:35:55","slug":"evento-realizado-pela-unidade-de-saude-da-pereira-atraiu-grande-publico","status":"publish","type":"post","link":"https:\/\/www.fumssar.com.br\/?p=5658","title":{"rendered":"Evento realizado pela unidade de sa\u00fade da Pereira atraiu grande p\u00fablico"},"content":{"rendered":"<p><a href=\"http:\/\/www.fumssar.com.br\/wp-content\/uploads\/2015\/10\/cha-pereira-2.jpg\"><img loading=\"lazy\" decoding=\"async\" class=\"alignnone size-medium wp-image-5660\" alt=\"cha pereira 2\" src=\"http:\/\/www.fumssar.com.br\/wp-content\/uploads\/2015\/10\/cha-pereira-2-300x225.jpg\" width=\"300\" height=\"225\" srcset=\"https:\/\/www.fumssar.com.br\/wp-content\/uploads\/2015\/10\/cha-pereira-2-300x225.jpg 300w, https:\/\/www.fumssar.com.br\/wp-content\/uploads\/2015\/10\/cha-pereira-2-1024x768.jpg 1024w, https:\/\/www.fumssar.com.br\/wp-content\/uploads\/2015\/10\/cha-pereira-2.jpg 1600w\" sizes=\"(max-width: 300px) 100vw, 300px\" \/><\/a>\u00a0<\/p>\n<p>Tradicionalmente a unidade de sa\u00fade da Pereira realiza um evento para lembrar a realiza\u00e7\u00e3o do \u201cOutubro Rosa\u201d, data criada para conscientizar as mulheres sobre o c\u00e2ncer de mama. A atividade realizada na tarde de quinta-feira, 08, contou com palestra, desfile de modas, sorteios, brincadeiras e uma confraterniza\u00e7\u00e3o atrav\u00e9s de um ch\u00e1 servido aos participantes. A coordenadora da unidade M\u00e1rcia Zalamena agradeceu a presen\u00e7a do p\u00fablico destacando o momento que \u00e9 um mecanismo para alertar as mulheres sobre a preven\u00e7\u00e3o e tratamento do c\u00e2ncer. O diretor da gest\u00e3o administrativa da Funda\u00e7\u00e3o Municipal de Sa\u00fade, Aldair Melchior parabenizou a equipe da unidade pela mobiliza\u00e7\u00e3o explanando aos presentes sobre a conquista recente que a comunidade teve com a amplia\u00e7\u00e3o e reforma do posto. O presidente da FUMSSAR Dr. Lu\u00eds Ant\u00f4nio Benvegn\u00fa, lembrou ao p\u00fablico a import\u00e2ncia da preven\u00e7\u00e3o sobre o c\u00e2ncer de mama, destacando que atualmente os mecanismos s\u00e3o muitos que as mulheres possuem, tanto para detectar, ou para tratar a doen\u00e7a. Benvegn\u00fa ressaltou ainda que estes eventos servem como ferramentas criativas em prol da sa\u00fade preventiva da popula\u00e7\u00e3o.<\/p>\n","protected":false},"excerpt":{"rendered":"<p>\u00a0 Tradicionalmente a unidade de sa\u00fade da Pereira realiza um evento para lembrar a realiza\u00e7\u00e3o&#8230;<\/p>\n","protected":false},"author":11,"featured_media":5659,"comment_status":"open","ping_status":"open","sticky":false,"template":"","format":"standard","meta":{"footnotes":""},"categories":[2],"tags":[],"_links":{"self":[{"href":"https:\/\/www.fumssar.com.br\/index.php?rest_route=\/wp\/v2\/posts\/5658"}],"collection":[{"href":"https:\/\/www.fumssar.com.br\/index.php?rest_route=\/wp\/v2\/posts"}],"about":[{"href":"https:\/\/www.fumssar.com.br\/index.php?rest_route=\/wp\/v2\/types\/post"}],"author":[{"embeddable":true,"href":"https:\/\/www.fumssar.com.br\/index.php?rest_route=\/wp\/v2\/users\/11"}],"replies":[{"embeddable":true,"href":"https:\/\/www.fumssar.com.br\/index.php?rest_route=%2Fwp%2Fv2%2Fcomments&post=5658"}],"version-history":[{"count":1,"href":"https:\/\/www.fumssar.com.br\/index.php?rest_route=\/wp\/v2\/posts\/5658\/revisions"}],"predecessor-version":[{"id":5661,"href":"https:\/\/www.fumssar.com.br\/index.php?rest_route=\/wp\/v2\/posts\/5658\/revisions\/5661"}],"wp:featuredmedia":[{"embeddable":true,"href":"https:\/\/www.fumssar.com.br\/index.php?rest_route=\/wp\/v2\/media\/5659"}],"wp:attachment":[{"href":"https:\/\/www.fumssar.com.br\/index.php?rest_route=%2Fwp%2Fv2%2Fmedia&parent=5658"}],"wp:term":[{"taxonomy":"category","embeddable":true,"href":"https:\/\/www.fumssar.com.br\/index.php?rest_route=%2Fwp%2Fv2%2Fcategories&post=5658"},{"taxonomy":"post_tag","embeddable":true,"href":"https:\/\/www.fumssar.com.br\/index.php?rest_route=%2Fwp%2Fv2%2Ftags&post=5658"}],"curies":[{"name":"wp","href":"https:\/\/api.w.org\/{rel}","templated":true}]}}