{"id":5654,"date":"2015-10-08T16:23:08","date_gmt":"2015-10-08T19:23:08","guid":{"rendered":"http:\/\/www.fumssar.com.br\/?p=5654"},"modified":"2024-10-07T16:35:55","modified_gmt":"2024-10-07T19:35:55","slug":"lancada-a-pedra-fundamental-da-construcao-da-nova-sede-do-cerest","status":"publish","type":"post","link":"https:\/\/www.fumssar.com.br\/?p=5654","title":{"rendered":"Lan\u00e7ada a pedra fundamental da constru\u00e7\u00e3o da nova sede do CEREST"},"content":{"rendered":"<p>Uma solenidade realizada na tarde de quarta-feira, 7, marcou o in\u00edcio da obra da nova sede do Centro Regional de Refer\u00eancia em Sa\u00fade do Trabalhador- CEREST \u2013 Fronteira Noroeste. O centro \u00e9 refer\u00eancia para diversos munic\u00edpios da regi\u00e3o na especialidade de sa\u00fade do trabalhador e atualmente funciona na Avenida Santa Cruz. Com a constru\u00e7\u00e3o da nova obra os profissionais que atuam na equipe ter\u00e3o mais espa\u00e7o e consequentemente prestar\u00e3o um servi\u00e7o mais ampliado e ainda mais qualificado aos trabalhadores. A coordenadora Ivete Felker destacou o empenho da gest\u00e3o da FUMSSAR e da administra\u00e7\u00e3o municipal na elabora\u00e7\u00e3o do projeto e na busca dos recursos para a constru\u00e7\u00e3o da nova sede. O diretor da rede complementar da Funda\u00e7\u00e3o, D\u00e9lcio Stefam disse que com a constru\u00e7\u00e3o os servi\u00e7os ser\u00e3o poder\u00e3o ser ainda serem mais ampliados, dando mais conforto aos usu\u00e1rios e tamb\u00e9m aos servidores. O diretor da gest\u00e3o administrativa, Aldair Melchior da FUMSSAR ressaltou que foram muitos os caminhos trilhados para concretizar a obra, tanto na elabora\u00e7\u00e3o dos projetos, bem como na realiza\u00e7\u00e3o dos processos legais para a realiza\u00e7\u00e3o da obra que no momento inicia. O presidente da Funda\u00e7\u00e3o Municipal de Sa\u00fade de Santa Rosa e Vice-prefeito, Dr. Lu\u00eds Ant\u00f4nio Benvegn\u00fa ressaltou que o momento \u00e9 muito importante para Santa Rosa e para a regi\u00e3o, uma vez que os servi\u00e7os prestados pelo CEREST atualmente s\u00e3o de muita qualidade e ir\u00e1 melhorar ainda mais com a constru\u00e7\u00e3o do pr\u00e9dio. Benvegn\u00fa relatou aos presentes os caminhos percorridos para a conquista na busca de recursos para a obra. Para ele muitos foram os envolvidos no processo e que tornou um grande sonho em realidade. \u201c\u00c9 mais uma obra que estamos realizando que vem somar a outras reafirmando o compromisso com a sa\u00fade que a atual gest\u00e3o tem\u201d. Frisou o presidente ao citar\u00a0\u00a0 outras\u00a0\u00a0\u00a0\u00a0\u00a0\u00a0\u00a0\u00a0 \u00a0 obras em andamento. Autoridades, lideran\u00e7as comunit\u00e1rias, sindicais e pol\u00edticas prestigiaram o evento. A empresa respons\u00e1vel pela constru\u00e7\u00e3o \u00e9 a Brasil-Bol\u00edvia-Brabol e tem como prazo contratual at\u00e9 agosto de 2016 para concluir a obra que custar\u00e1 cerca de R$ 1.3 milh\u00f5es.<\/p>\n<p><a href=\"http:\/\/www.fumssar.com.br\/wp-content\/uploads\/2015\/10\/cerest-pedra-2.jpg\"><img loading=\"lazy\" decoding=\"async\" class=\"alignnone size-medium wp-image-5656\" alt=\"cerest pedra 2\" src=\"http:\/\/www.fumssar.com.br\/wp-content\/uploads\/2015\/10\/cerest-pedra-2-300x225.jpg\" width=\"300\" height=\"225\" srcset=\"https:\/\/www.fumssar.com.br\/wp-content\/uploads\/2015\/10\/cerest-pedra-2-300x225.jpg 300w, https:\/\/www.fumssar.com.br\/wp-content\/uploads\/2015\/10\/cerest-pedra-2.jpg 800w\" sizes=\"(max-width: 300px) 100vw, 300px\" \/><\/a><\/p>\n","protected":false},"excerpt":{"rendered":"<p>Uma solenidade realizada na tarde de quarta-feira, 7, marcou o in\u00edcio da obra da nova&#8230;<\/p>\n","protected":false},"author":11,"featured_media":5621,"comment_status":"open","ping_status":"open","sticky":false,"template":"","format":"standard","meta":{"footnotes":""},"categories":[2],"tags":[],"_links":{"self":[{"href":"https:\/\/www.fumssar.com.br\/index.php?rest_route=\/wp\/v2\/posts\/5654"}],"collection":[{"href":"https:\/\/www.fumssar.com.br\/index.php?rest_route=\/wp\/v2\/posts"}],"about":[{"href":"https:\/\/www.fumssar.com.br\/index.php?rest_route=\/wp\/v2\/types\/post"}],"author":[{"embeddable":true,"href":"https:\/\/www.fumssar.com.br\/index.php?rest_route=\/wp\/v2\/users\/11"}],"replies":[{"embeddable":true,"href":"https:\/\/www.fumssar.com.br\/index.php?rest_route=%2Fwp%2Fv2%2Fcomments&post=5654"}],"version-history":[{"count":1,"href":"https:\/\/www.fumssar.com.br\/index.php?rest_route=\/wp\/v2\/posts\/5654\/revisions"}],"predecessor-version":[{"id":5657,"href":"https:\/\/www.fumssar.com.br\/index.php?rest_route=\/wp\/v2\/posts\/5654\/revisions\/5657"}],"wp:featuredmedia":[{"embeddable":true,"href":"https:\/\/www.fumssar.com.br\/index.php?rest_route=\/wp\/v2\/media\/5621"}],"wp:attachment":[{"href":"https:\/\/www.fumssar.com.br\/index.php?rest_route=%2Fwp%2Fv2%2Fmedia&parent=5654"}],"wp:term":[{"taxonomy":"category","embeddable":true,"href":"https:\/\/www.fumssar.com.br\/index.php?rest_route=%2Fwp%2Fv2%2Fcategories&post=5654"},{"taxonomy":"post_tag","embeddable":true,"href":"https:\/\/www.fumssar.com.br\/index.php?rest_route=%2Fwp%2Fv2%2Ftags&post=5654"}],"curies":[{"name":"wp","href":"https:\/\/api.w.org\/{rel}","templated":true}]}}