{"id":5649,"date":"2015-10-01T16:07:35","date_gmt":"2015-10-01T19:07:35","guid":{"rendered":"http:\/\/www.fumssar.com.br\/?p=5649"},"modified":"2024-10-07T16:35:55","modified_gmt":"2024-10-07T19:35:55","slug":"relatorio-de-gestao-da-fumssar-foi-tema-de-audiencia-publica-na-camara-de-vereadores","status":"publish","type":"post","link":"https:\/\/www.fumssar.com.br\/?p=5649","title":{"rendered":"Relat\u00f3rio de Gest\u00e3o da FUMSSAR foi tema de Audi\u00eancia P\u00fablica na C\u00e2mara de Vereadores"},"content":{"rendered":"<p>O relat\u00f3rio de gest\u00e3o do 2\u00ba quadrimestre da Funda\u00e7\u00e3o Municipal de Sa\u00fade- FUMSSAR, foi apresentado em audi\u00eancia p\u00fablica realizada na noite de quarta -feira, 30, pela Comiss\u00e3o de Sa\u00fade, Direitos Humanos e Assist\u00eancia Social da C\u00e2mara de Vereadores de Santa Rosa. A diretora da gest\u00e3o de aten\u00e7\u00e3o prim\u00e1ria em sa\u00fade da Funda\u00e7\u00e3o, Elisiane Bisognin apresentou\u00a0 o relat\u00f3rio\u00a0 de todos os procedimentos\u00a0 efetuados\u00a0 na rede\u00a0 durande o per\u00edodo compreendido entre 1\u00ba de maio e 31 de agosto de 2015. Neste per\u00edodo\u00a0 as 17 unidades b\u00e1sicas realizaram\u00a0 135.583 procedimentos\u00a0 perfazendo uma m\u00e9dia de 33 mil mensais tanto\u00a0 individuais \u00a0como \u00a0coletivos. O relat\u00f3rio aponta ainda que a cobertura populacional das unidades\u00a0 \u00e9 de 71.961 habitantes. O relat\u00f3rio dos \u00a0recursos\u00a0 aplicados no per\u00edodo, foi apresentado pelo chefe da se\u00e7\u00e3o financeira Rog\u00e9rio Giaretta apontando para R$ 27.715.434,38. O percentual dos\u00a0 recursos municipais \u00a0aplicados em sa\u00fade\u00a0 no quadrimestre ficou em 16.60%. \u00a0As participa\u00e7\u00f5es das tr\u00eas esferas nas despesas\u00a0 em sa\u00fade \u00a0ficaram distribu\u00eddas da seguinte forma:\u00a0 Munic\u00edpio, corresponde a\u00a0 27,15%,estado corresponde a 17,17% e uni\u00e3o \u00a0corresponde a\u00a0 55,68%.\u00a0 Aldair Melchior que est\u00e1\u00a0 no exerc\u00edcio da presid\u00eancia da FUMSSAR destacou que\u00a0 a atual gest\u00e3o tem muito cuidado na aplica\u00e7\u00e3o dos recursos fazendo um relato das dividas que a uni\u00e3o e o estado tem com o munic\u00edpio. Participaram do evento, vereadores, servidores municipais, membros do conselho de sa\u00fade e lideran\u00e7as comunit\u00e1rias. A Comiss\u00e3o de Sa\u00fade da C\u00e2mara \u00e9 composta pelos vereadores Os\u00f3rio Antunes dos Santos, Valdemar Fonseca e \u00a0Karina Kucharski.<\/p>\n<p><a href=\"http:\/\/www.fumssar.com.br\/wp-content\/uploads\/2015\/10\/audiencia-publica-3.jpg\"><img loading=\"lazy\" decoding=\"async\" class=\"alignnone size-medium wp-image-5652\" alt=\"audiencia publica 3\" src=\"http:\/\/www.fumssar.com.br\/wp-content\/uploads\/2015\/10\/audiencia-publica-3-300x225.jpg\" width=\"300\" height=\"225\" srcset=\"https:\/\/www.fumssar.com.br\/wp-content\/uploads\/2015\/10\/audiencia-publica-3-300x225.jpg 300w, https:\/\/www.fumssar.com.br\/wp-content\/uploads\/2015\/10\/audiencia-publica-3.jpg 800w\" sizes=\"(max-width: 300px) 100vw, 300px\" \/><\/a><\/p>\n<p>&nbsp;<\/p>\n<p><a href=\"http:\/\/www.fumssar.com.br\/wp-content\/uploads\/2015\/10\/audiencia-publica-2.jpg\"><img loading=\"lazy\" decoding=\"async\" class=\"alignnone size-medium wp-image-5651\" alt=\"audiencia publica 2\" src=\"http:\/\/www.fumssar.com.br\/wp-content\/uploads\/2015\/10\/audiencia-publica-2-300x225.jpg\" width=\"300\" height=\"225\" srcset=\"https:\/\/www.fumssar.com.br\/wp-content\/uploads\/2015\/10\/audiencia-publica-2-300x225.jpg 300w, https:\/\/www.fumssar.com.br\/wp-content\/uploads\/2015\/10\/audiencia-publica-2-1024x768.jpg 1024w, https:\/\/www.fumssar.com.br\/wp-content\/uploads\/2015\/10\/audiencia-publica-2.jpg 1600w\" sizes=\"(max-width: 300px) 100vw, 300px\" \/><\/a><\/p>\n","protected":false},"excerpt":{"rendered":"<p>O relat\u00f3rio de gest\u00e3o do 2\u00ba quadrimestre da Funda\u00e7\u00e3o Municipal de Sa\u00fade- FUMSSAR, foi apresentado&#8230;<\/p>\n","protected":false},"author":11,"featured_media":5650,"comment_status":"open","ping_status":"open","sticky":false,"template":"","format":"standard","meta":{"footnotes":""},"categories":[2],"tags":[],"_links":{"self":[{"href":"https:\/\/www.fumssar.com.br\/index.php?rest_route=\/wp\/v2\/posts\/5649"}],"collection":[{"href":"https:\/\/www.fumssar.com.br\/index.php?rest_route=\/wp\/v2\/posts"}],"about":[{"href":"https:\/\/www.fumssar.com.br\/index.php?rest_route=\/wp\/v2\/types\/post"}],"author":[{"embeddable":true,"href":"https:\/\/www.fumssar.com.br\/index.php?rest_route=\/wp\/v2\/users\/11"}],"replies":[{"embeddable":true,"href":"https:\/\/www.fumssar.com.br\/index.php?rest_route=%2Fwp%2Fv2%2Fcomments&post=5649"}],"version-history":[{"count":1,"href":"https:\/\/www.fumssar.com.br\/index.php?rest_route=\/wp\/v2\/posts\/5649\/revisions"}],"predecessor-version":[{"id":5653,"href":"https:\/\/www.fumssar.com.br\/index.php?rest_route=\/wp\/v2\/posts\/5649\/revisions\/5653"}],"wp:featuredmedia":[{"embeddable":true,"href":"https:\/\/www.fumssar.com.br\/index.php?rest_route=\/wp\/v2\/media\/5650"}],"wp:attachment":[{"href":"https:\/\/www.fumssar.com.br\/index.php?rest_route=%2Fwp%2Fv2%2Fmedia&parent=5649"}],"wp:term":[{"taxonomy":"category","embeddable":true,"href":"https:\/\/www.fumssar.com.br\/index.php?rest_route=%2Fwp%2Fv2%2Fcategories&post=5649"},{"taxonomy":"post_tag","embeddable":true,"href":"https:\/\/www.fumssar.com.br\/index.php?rest_route=%2Fwp%2Fv2%2Ftags&post=5649"}],"curies":[{"name":"wp","href":"https:\/\/api.w.org\/{rel}","templated":true}]}}