{"id":5636,"date":"2015-09-28T14:37:51","date_gmt":"2015-09-28T17:37:51","guid":{"rendered":"http:\/\/www.fumssar.com.br\/?p=5636"},"modified":"2024-10-07T16:35:55","modified_gmt":"2024-10-07T19:35:55","slug":"fumssar-realizou-encontro-de-avaliacao-com-servidores-no-dia-da-paralisacao","status":"publish","type":"post","link":"https:\/\/www.fumssar.com.br\/?p=5636","title":{"rendered":"FUMSSAR realizou encontro de avalia\u00e7\u00e3o com servidores no dia da paralisa\u00e7\u00e3o"},"content":{"rendered":"<p><a href=\"http:\/\/www.fumssar.com.br\/wp-content\/uploads\/2015\/09\/reuni\u00e3o-de-trabalho-2.jpg\"><img loading=\"lazy\" decoding=\"async\" class=\"alignnone size-medium wp-image-5643\" alt=\"reuni\u00e3o de trabalho 2\" src=\"http:\/\/www.fumssar.com.br\/wp-content\/uploads\/2015\/09\/reuni\u00e3o-de-trabalho-2-300x225.jpg\" width=\"300\" height=\"225\" srcset=\"https:\/\/www.fumssar.com.br\/wp-content\/uploads\/2015\/09\/reuni\u00e3o-de-trabalho-2-300x225.jpg 300w, https:\/\/www.fumssar.com.br\/wp-content\/uploads\/2015\/09\/reuni\u00e3o-de-trabalho-2.jpg 800w\" sizes=\"(max-width: 300px) 100vw, 300px\" \/><\/a>Nesta sexta-feira, 25, dia de paralisa\u00e7\u00e3o dos servi\u00e7os nas prefeituras no estado, a dire\u00e7\u00e3o da Funda\u00e7\u00e3o Municipal de Sa\u00fade de Santa Rosa-FUMSSAR, ap\u00f3s participar da mobiliza\u00e7\u00e3o no Centro C\u00edvico e Cultural de Santa Rosa realizou um grande encontro com os seus servidores no audit\u00f3rio da UNIJU\u00cd. Os servidores foram recepcionados com um caf\u00e9 da manh\u00e3 e logo ap\u00f3s iniciaram-se os trabalhos de avalia\u00e7\u00e3o e apresenta\u00e7\u00e3o dos diversos setores, equipes que comp\u00f5e o sistema de sa\u00fade do munic\u00edpio. No evento presidente da FUMSSAR Dr. Lu\u00eds Ant\u00f4nio Benvegn\u00fa apresentou a situa\u00e7\u00e3o atual da sa\u00fade do munic\u00edpio e as consequ\u00eancias da atual crise que passam os munic\u00edpios, estado e o pa\u00eds. Benvegn\u00fa ressaltou que apesar de tudo, a administra\u00e7\u00e3o tem conseguido prestar um servi\u00e7o de qualidade \u00e0 popula\u00e7\u00e3o. Ele destacou ainda os avan\u00e7os da sa\u00fade no munic\u00edpio nos \u00faltimos anos e as conquistas de novos servi\u00e7os ofertados pelo SUS em Santa Rosa. No evento cada uma das quatro diretorias da FUMSSAR apresentaram seus setores e os servi\u00e7os prestados que s\u00e3o: Gest\u00e3o Administrativa: diretor Aldair Melchior, Gest\u00e3o da Rede de Aten\u00e7\u00e3o Prim\u00e1ria, diretora Elisiane Bisognin, Gest\u00e3o da Rede Complementar, diretor D\u00e9lcio Stefam e Gest\u00e3o de Planejamento Estrat\u00e9gico,Lisiane\u00a0\u00a0\u00a0\u00a0 Jurach. Toda a rede da FUMSSAR foi amplamente explanada no evento com a presen\u00e7a dos 410 servidores, num momento oportuno num ambiente descontra\u00eddo, conforme relatou o presidente da Funda\u00e7\u00e3o que enalteceu o evento como um grande encontro familiar onde todos tem o mesmo objetivo, construir um sistema de sa\u00fade cada vez mais eficiente para a popula\u00e7\u00e3o.<\/p>\n","protected":false},"excerpt":{"rendered":"<p>Nesta sexta-feira, 25, dia de paralisa\u00e7\u00e3o dos servi\u00e7os nas prefeituras no estado, a dire\u00e7\u00e3o da&#8230;<\/p>\n","protected":false},"author":11,"featured_media":5639,"comment_status":"open","ping_status":"open","sticky":false,"template":"","format":"standard","meta":{"footnotes":""},"categories":[2,1],"tags":[],"_links":{"self":[{"href":"https:\/\/www.fumssar.com.br\/index.php?rest_route=\/wp\/v2\/posts\/5636"}],"collection":[{"href":"https:\/\/www.fumssar.com.br\/index.php?rest_route=\/wp\/v2\/posts"}],"about":[{"href":"https:\/\/www.fumssar.com.br\/index.php?rest_route=\/wp\/v2\/types\/post"}],"author":[{"embeddable":true,"href":"https:\/\/www.fumssar.com.br\/index.php?rest_route=\/wp\/v2\/users\/11"}],"replies":[{"embeddable":true,"href":"https:\/\/www.fumssar.com.br\/index.php?rest_route=%2Fwp%2Fv2%2Fcomments&post=5636"}],"version-history":[{"count":1,"href":"https:\/\/www.fumssar.com.br\/index.php?rest_route=\/wp\/v2\/posts\/5636\/revisions"}],"predecessor-version":[{"id":5644,"href":"https:\/\/www.fumssar.com.br\/index.php?rest_route=\/wp\/v2\/posts\/5636\/revisions\/5644"}],"wp:featuredmedia":[{"embeddable":true,"href":"https:\/\/www.fumssar.com.br\/index.php?rest_route=\/wp\/v2\/media\/5639"}],"wp:attachment":[{"href":"https:\/\/www.fumssar.com.br\/index.php?rest_route=%2Fwp%2Fv2%2Fmedia&parent=5636"}],"wp:term":[{"taxonomy":"category","embeddable":true,"href":"https:\/\/www.fumssar.com.br\/index.php?rest_route=%2Fwp%2Fv2%2Fcategories&post=5636"},{"taxonomy":"post_tag","embeddable":true,"href":"https:\/\/www.fumssar.com.br\/index.php?rest_route=%2Fwp%2Fv2%2Ftags&post=5636"}],"curies":[{"name":"wp","href":"https:\/\/api.w.org\/{rel}","templated":true}]}}