{"id":5605,"date":"2015-09-22T17:14:34","date_gmt":"2015-09-22T20:14:34","guid":{"rendered":"http:\/\/www.fumssar.com.br\/?p=5605"},"modified":"2024-10-07T16:35:56","modified_gmt":"2024-10-07T19:35:56","slug":"santa-rosa-representada-na-7a-conferencia-estadual-de-saude","status":"publish","type":"post","link":"https:\/\/www.fumssar.com.br\/?p=5605","title":{"rendered":"Santa Rosa  representada  na  7\u00aa Confer\u00eancia  Estadual de Sa\u00fade"},"content":{"rendered":"<p>Santa Rosa esteve \u00a0representada na 7\u00aa Confer\u00eancia Estadual de Sa\u00fade que foi realizada em Porto Alegre de 18 a 20 de setembro. A representa\u00e7\u00e3o de Santa Rosa contou com\u00a0 12 delegados, representantes dos usu\u00e1rios, gestores, prestadores e profissionais de sa\u00fade,\u00a0 que foram definidos pela confer\u00eancia municipal realizada em julho passado. A Confer\u00eancia Estadual teve como prop\u00f3sito de discutir amplamente os temas de sa\u00fade identificados nas Confer\u00eancias Municipais. Santa Rosa levou 40 propostas paras as discuss\u00f5es que contribu\u00edram amplamente com os debates. As propostas do munic\u00edpio foram dirigidas no sentido de fortalecer Aten\u00e7\u00e3o Prim\u00e1ria em Sa\u00fade atrav\u00e9s das estruturas, equipes multiprofissionais e m\u00e9dicos, materiais e medicamentos para os Postos de Sa\u00fade, amplia\u00e7\u00e3o de acesso a rede complementar atrav\u00e9s de exames, consultas especializadas, garantindo a resolutividade das a\u00e7\u00f5es e a garantia de investimentos m\u00e9dia e alta complexidade. O Presidente da Funda\u00e7\u00e3o Municipal de Sa\u00fade-FUMSSAR, que participou de todas as confer\u00eancias estaduais realizadas foi um grande incentivador da participa\u00e7\u00e3o dos delegados viabilizando a ida dos mesmos, pois muitos munic\u00edpios n\u00e3o conseguiram deslocar-se at\u00e9 a capital em virtude das dificuldades econ\u00f4micas vividas. Benvegn\u00fa refor\u00e7ou a import\u00e2ncia das confer\u00eancias para o sistema de sa\u00fade \u201cO sistema de sa\u00fade \u00e9 um espa\u00e7o constru\u00e7\u00e3o de pol\u00edtica p\u00fablica permanente que s\u00f3 se efetiva com o movimento e participa\u00e7\u00e3o da sociedade, pois \u00e9 ela que sabe as suas reais necessidades. As confer\u00eancias s\u00e3o momentos que esta participa\u00e7\u00e3o tem voz e poder de direcionar os rumos do sistema de sa\u00fade\u201d. \u00a0Frisou o presidente. O munic\u00edpio de Santa Rosa contar\u00e1 com os representantes: Elisiane Bisognin, Corn\u00e9lio Alves dos Santos e Tanise Argilar,na Confer\u00eancia Nacional de Sa\u00fade que ocorrer\u00e1 em Bras\u00edlia nos dia 01 a 4 de dezembro de 2015, defendendo as propostas do munic\u00edpio e da regi\u00e3o.<\/p>\n<p>&nbsp;<\/p>\n<p>&nbsp;<\/p>\n","protected":false},"excerpt":{"rendered":"<p>Santa Rosa esteve \u00a0representada na 7\u00aa Confer\u00eancia Estadual de Sa\u00fade que foi realizada em Porto&#8230;<\/p>\n","protected":false},"author":11,"featured_media":5606,"comment_status":"open","ping_status":"open","sticky":false,"template":"","format":"standard","meta":{"footnotes":""},"categories":[2],"tags":[],"_links":{"self":[{"href":"https:\/\/www.fumssar.com.br\/index.php?rest_route=\/wp\/v2\/posts\/5605"}],"collection":[{"href":"https:\/\/www.fumssar.com.br\/index.php?rest_route=\/wp\/v2\/posts"}],"about":[{"href":"https:\/\/www.fumssar.com.br\/index.php?rest_route=\/wp\/v2\/types\/post"}],"author":[{"embeddable":true,"href":"https:\/\/www.fumssar.com.br\/index.php?rest_route=\/wp\/v2\/users\/11"}],"replies":[{"embeddable":true,"href":"https:\/\/www.fumssar.com.br\/index.php?rest_route=%2Fwp%2Fv2%2Fcomments&post=5605"}],"version-history":[{"count":2,"href":"https:\/\/www.fumssar.com.br\/index.php?rest_route=\/wp\/v2\/posts\/5605\/revisions"}],"predecessor-version":[{"id":5609,"href":"https:\/\/www.fumssar.com.br\/index.php?rest_route=\/wp\/v2\/posts\/5605\/revisions\/5609"}],"wp:featuredmedia":[{"embeddable":true,"href":"https:\/\/www.fumssar.com.br\/index.php?rest_route=\/wp\/v2\/media\/5606"}],"wp:attachment":[{"href":"https:\/\/www.fumssar.com.br\/index.php?rest_route=%2Fwp%2Fv2%2Fmedia&parent=5605"}],"wp:term":[{"taxonomy":"category","embeddable":true,"href":"https:\/\/www.fumssar.com.br\/index.php?rest_route=%2Fwp%2Fv2%2Fcategories&post=5605"},{"taxonomy":"post_tag","embeddable":true,"href":"https:\/\/www.fumssar.com.br\/index.php?rest_route=%2Fwp%2Fv2%2Ftags&post=5605"}],"curies":[{"name":"wp","href":"https:\/\/api.w.org\/{rel}","templated":true}]}}