{"id":5601,"date":"2015-09-21T14:43:19","date_gmt":"2015-09-21T17:43:19","guid":{"rendered":"http:\/\/www.fumssar.com.br\/?p=5601"},"modified":"2024-10-07T16:35:56","modified_gmt":"2024-10-07T19:35:56","slug":"projetos-contribuem-com-a-reabilitacao-de-usuarios-do-caps","status":"publish","type":"post","link":"https:\/\/www.fumssar.com.br\/?p=5601","title":{"rendered":"Projetos contribuem com a reabilita\u00e7\u00e3o de usu\u00e1rios do CAPS"},"content":{"rendered":"<p>A Funda\u00e7\u00e3o Municipal de Sa\u00fade- FUMSSAR atrav\u00e9s do CAPS desenvolvem projetos que contribuem com a reabilita\u00e7\u00e3o de pessoas com sofrimento mental, promovendo a inclus\u00e3o social de usu\u00e1rios e familiares atrav\u00e9s de oficinas culturais. \u00a0A oficina de fotografia \u00e9 financiada pelo governo do estado, com contrapartida da FUMSSAR, atende oito adolescentes com sofrimento mental grave. O trabalho \u00e9 desenvolvido pelo fot\u00f3grafo e m\u00fasico Rivas J\u00fanior Ribas com acompanhamento de profissionais da \u00e1rea de psicologia, terapeuta ocupacional e m\u00e9dica do CAPS. Os encontros ocorrem semanalmente e ser\u00e1 executado at\u00e9 dezembro de 2015, objetivando Introduzir no\u00e7\u00f5es b\u00e1sicas de fotografia com experi\u00eancias te\u00f3ricas e pr\u00e1ticas como modo de express\u00e3o subjetiva e social de adolescentes em processo de sofrimento ps\u00edquico.\u00a0 A finaliza\u00e7\u00e3o do projeto se dar\u00e1 com a realiza\u00e7\u00e3o de uma exposi\u00e7\u00e3o com os trabalhos produzidos.<\/p>\n<p>\u00a0\u00a0\u00a0\u00a0\u00a0\u00a0\u00a0\u00a0\u00a0\u00a0\u00a0\u00a0\u00a0 O outro projeto desenvolvido \u00e9 o Informativo do CAPS que foi comtemplado pelo Minist\u00e9rio da Sa\u00fade atrav\u00e9s Edital de Financiamento de Projetos de Reabilita\u00e7\u00e3o Psicossocial: fortalecimento do protagonismo de usu\u00e1rios e familiares, trabalho, cultura e inclus\u00e3o social da Rede de Aten\u00e7\u00e3o Psicossocial \u2013 2015. Esta atividade \u00e9 coordenada pela enfermeira do CAPS com o apoio da coordena\u00e7\u00e3o do \u00f3rg\u00e3o e do N\u00facleo de Ensino e Pesquisa da FUMSAR. \u00a0O projeto prev\u00ea um encontro semanal das 14h \u00e0s 15h30min nas depend\u00eancias do CAPSII. Os usu\u00e1rios participam de todo processo de elabora\u00e7\u00e3o do informativo com sugest\u00f5es de reportagens, entrevistas, pesquisa de mat\u00e9rias para publica\u00e7\u00e3o. \u00a0O p\u00fablico alvo s\u00e3o os usu\u00e1rios do CAPS II que participam de grupo operativo- reflexivo.<\/p>\n<p>&nbsp;<\/p>\n","protected":false},"excerpt":{"rendered":"<p>A Funda\u00e7\u00e3o Municipal de Sa\u00fade- FUMSSAR atrav\u00e9s do CAPS desenvolvem projetos que contribuem com a&#8230;<\/p>\n","protected":false},"author":11,"featured_media":5602,"comment_status":"open","ping_status":"open","sticky":false,"template":"","format":"standard","meta":{"footnotes":""},"categories":[2],"tags":[],"_links":{"self":[{"href":"https:\/\/www.fumssar.com.br\/index.php?rest_route=\/wp\/v2\/posts\/5601"}],"collection":[{"href":"https:\/\/www.fumssar.com.br\/index.php?rest_route=\/wp\/v2\/posts"}],"about":[{"href":"https:\/\/www.fumssar.com.br\/index.php?rest_route=\/wp\/v2\/types\/post"}],"author":[{"embeddable":true,"href":"https:\/\/www.fumssar.com.br\/index.php?rest_route=\/wp\/v2\/users\/11"}],"replies":[{"embeddable":true,"href":"https:\/\/www.fumssar.com.br\/index.php?rest_route=%2Fwp%2Fv2%2Fcomments&post=5601"}],"version-history":[{"count":1,"href":"https:\/\/www.fumssar.com.br\/index.php?rest_route=\/wp\/v2\/posts\/5601\/revisions"}],"predecessor-version":[{"id":5603,"href":"https:\/\/www.fumssar.com.br\/index.php?rest_route=\/wp\/v2\/posts\/5601\/revisions\/5603"}],"wp:featuredmedia":[{"embeddable":true,"href":"https:\/\/www.fumssar.com.br\/index.php?rest_route=\/wp\/v2\/media\/5602"}],"wp:attachment":[{"href":"https:\/\/www.fumssar.com.br\/index.php?rest_route=%2Fwp%2Fv2%2Fmedia&parent=5601"}],"wp:term":[{"taxonomy":"category","embeddable":true,"href":"https:\/\/www.fumssar.com.br\/index.php?rest_route=%2Fwp%2Fv2%2Fcategories&post=5601"},{"taxonomy":"post_tag","embeddable":true,"href":"https:\/\/www.fumssar.com.br\/index.php?rest_route=%2Fwp%2Fv2%2Ftags&post=5601"}],"curies":[{"name":"wp","href":"https:\/\/api.w.org\/{rel}","templated":true}]}}