{"id":56,"date":"2013-11-25T18:26:15","date_gmt":"2013-11-25T18:26:15","guid":{"rendered":"http:\/\/www.fumssar.com.br\/?p=56"},"modified":"2024-10-07T16:36:23","modified_gmt":"2024-10-07T19:36:23","slug":"fumssar-programa-dia-d-de-enfrentamento-a-dengue","status":"publish","type":"post","link":"https:\/\/www.fumssar.com.br\/?p=56","title":{"rendered":"FUMSSAR programa Dia \u201cD\u201d de enfrentamento \u00e0 Dengue"},"content":{"rendered":"<p>O Dia \u201cD\u201d de enfrentamento \u00e0 dengue, que acontece tradicionalmente no pen\u00faltimo s\u00e1bado do m\u00eas de novembro de cada ano, ser\u00e1 realizado no dia 23 deste m\u00eas.<\/p>\n<p>Para celebrar esta data, a Funda\u00e7\u00e3o Municipal de Sa\u00fade de Santa Rosa, juntamente com uma equipe t\u00e9cnica e os agentes de endemias da Vigil\u00e2ncia em Sa\u00fade, far\u00e3o uma caminhada que percorrer\u00e1 o centro da cidade a partir das 8h30, com sa\u00edda da sede da Vigil\u00e2ncia at\u00e9 o M\u00f3dulo da Brigada Militar.<!--more--><\/p>\n<p>Ap\u00f3s, ser\u00e1 realizada uma \u201cblitz educativa\u201d por todo o com\u00e9rcio, com distribui\u00e7\u00e3o de material e orienta\u00e7\u00f5es de preven\u00e7\u00e3o a dengue.<\/p>\n<p>Segundo a chefe da Vigil\u00e2ncia em Sa\u00fade da FUMSSAR, Mardiori Watthie, este trabalho se faz necess\u00e1rio para intensificar a import\u00e2ncia dos cuidados que a comunidade deve ter com a preven\u00e7\u00e3o de focos do mosquito da dengue, uma vez que com a chegada do ver\u00e3o aumentam as probabilidades de termos uma epidemia.<\/p>\n","protected":false},"excerpt":{"rendered":"<p>O Dia \u201cD\u201d de enfrentamento \u00e0 dengue, que acontece tradicionalmente no pen\u00faltimo s\u00e1bado do m\u00eas&#8230;<\/p>\n","protected":false},"author":1,"featured_media":57,"comment_status":"open","ping_status":"open","sticky":false,"template":"","format":"standard","meta":{"footnotes":""},"categories":[2],"tags":[],"_links":{"self":[{"href":"https:\/\/www.fumssar.com.br\/index.php?rest_route=\/wp\/v2\/posts\/56"}],"collection":[{"href":"https:\/\/www.fumssar.com.br\/index.php?rest_route=\/wp\/v2\/posts"}],"about":[{"href":"https:\/\/www.fumssar.com.br\/index.php?rest_route=\/wp\/v2\/types\/post"}],"author":[{"embeddable":true,"href":"https:\/\/www.fumssar.com.br\/index.php?rest_route=\/wp\/v2\/users\/1"}],"replies":[{"embeddable":true,"href":"https:\/\/www.fumssar.com.br\/index.php?rest_route=%2Fwp%2Fv2%2Fcomments&post=56"}],"version-history":[{"count":2,"href":"https:\/\/www.fumssar.com.br\/index.php?rest_route=\/wp\/v2\/posts\/56\/revisions"}],"predecessor-version":[{"id":314,"href":"https:\/\/www.fumssar.com.br\/index.php?rest_route=\/wp\/v2\/posts\/56\/revisions\/314"}],"wp:featuredmedia":[{"embeddable":true,"href":"https:\/\/www.fumssar.com.br\/index.php?rest_route=\/wp\/v2\/media\/57"}],"wp:attachment":[{"href":"https:\/\/www.fumssar.com.br\/index.php?rest_route=%2Fwp%2Fv2%2Fmedia&parent=56"}],"wp:term":[{"taxonomy":"category","embeddable":true,"href":"https:\/\/www.fumssar.com.br\/index.php?rest_route=%2Fwp%2Fv2%2Fcategories&post=56"},{"taxonomy":"post_tag","embeddable":true,"href":"https:\/\/www.fumssar.com.br\/index.php?rest_route=%2Fwp%2Fv2%2Ftags&post=56"}],"curies":[{"name":"wp","href":"https:\/\/api.w.org\/{rel}","templated":true}]}}