{"id":5582,"date":"2015-09-15T16:04:50","date_gmt":"2015-09-15T19:04:50","guid":{"rendered":"http:\/\/www.fumssar.com.br\/?p=5582"},"modified":"2024-10-07T16:35:56","modified_gmt":"2024-10-07T19:35:56","slug":"membros-da-cipa-da-fumssar-ja-estao-organizando-a-sipat-2015","status":"publish","type":"post","link":"https:\/\/www.fumssar.com.br\/?p=5582","title":{"rendered":"Membros da CIPA da FUMSSAR j\u00e1 est\u00e3o organizando a SIPAT 2015"},"content":{"rendered":"<p>A Comiss\u00e3o Interna de Preven\u00e7\u00e3o de Acidentes \u2013 CIPA dos servidores celetistas da Funda\u00e7\u00e3o Municipal de Sa\u00fade de Santa Rosa \u2013 FUMSSAR, j\u00e1 est\u00e3o trabalhando na organiza\u00e7\u00e3o da Semana Interna de Preven\u00e7\u00e3o de Acidentes de Trabalho \u2013 SIPAT 2015. Na manh\u00e3 a representantes da CIPA estiveram reunidos com o Diretor da Gest\u00e3o Administrativa da FUMSSAR,\u00a0 Aldair Melchior a Presidente Marli Maria Mallmann a Vice Silvia Bloch e o Suplente Rog\u00e9rio Bernard, discutindo a organiza\u00e7\u00e3o do evento que est\u00e1 previsto para o m\u00eas de novembro. Marli ressaltou que est\u00e3o previstas diversas atividades dentre elas palestras com temas sobre quest\u00f5es trabalhistas, preven\u00e7\u00e3o de acidentes, motivacional preven\u00e7\u00e3o de doen\u00e7as e tamb\u00e9m est\u00e3o previstas atividades f\u00edsicas e recreativas. \u201cTodas as atividades previstas s\u00e3o de interesse de nossos colegas servidores\u201d frisou a presidente da CIPA. O Diretor Aldair Melchior destacou que todas as a\u00e7\u00f5es ter\u00e3o todo o apoio da gest\u00e3o, buscando sempre a satisfa\u00e7\u00e3o e a prote\u00e7\u00e3o dos trabalhadores da FUMSSAR. \u201cA CIPA ter\u00e1 todo o apoio da administra\u00e7\u00e3o para a realiza\u00e7\u00e3o do evento que prima pela seguran\u00e7a e qualidade de vida de nossos servidores\u201d finalizou Aldair.<\/p>\n","protected":false},"excerpt":{"rendered":"<p>A Comiss\u00e3o Interna de Preven\u00e7\u00e3o de Acidentes \u2013 CIPA dos servidores celetistas da Funda\u00e7\u00e3o Municipal&#8230;<\/p>\n","protected":false},"author":11,"featured_media":5583,"comment_status":"open","ping_status":"open","sticky":false,"template":"","format":"standard","meta":{"footnotes":""},"categories":[2],"tags":[],"_links":{"self":[{"href":"https:\/\/www.fumssar.com.br\/index.php?rest_route=\/wp\/v2\/posts\/5582"}],"collection":[{"href":"https:\/\/www.fumssar.com.br\/index.php?rest_route=\/wp\/v2\/posts"}],"about":[{"href":"https:\/\/www.fumssar.com.br\/index.php?rest_route=\/wp\/v2\/types\/post"}],"author":[{"embeddable":true,"href":"https:\/\/www.fumssar.com.br\/index.php?rest_route=\/wp\/v2\/users\/11"}],"replies":[{"embeddable":true,"href":"https:\/\/www.fumssar.com.br\/index.php?rest_route=%2Fwp%2Fv2%2Fcomments&post=5582"}],"version-history":[{"count":1,"href":"https:\/\/www.fumssar.com.br\/index.php?rest_route=\/wp\/v2\/posts\/5582\/revisions"}],"predecessor-version":[{"id":5584,"href":"https:\/\/www.fumssar.com.br\/index.php?rest_route=\/wp\/v2\/posts\/5582\/revisions\/5584"}],"wp:featuredmedia":[{"embeddable":true,"href":"https:\/\/www.fumssar.com.br\/index.php?rest_route=\/wp\/v2\/media\/5583"}],"wp:attachment":[{"href":"https:\/\/www.fumssar.com.br\/index.php?rest_route=%2Fwp%2Fv2%2Fmedia&parent=5582"}],"wp:term":[{"taxonomy":"category","embeddable":true,"href":"https:\/\/www.fumssar.com.br\/index.php?rest_route=%2Fwp%2Fv2%2Fcategories&post=5582"},{"taxonomy":"post_tag","embeddable":true,"href":"https:\/\/www.fumssar.com.br\/index.php?rest_route=%2Fwp%2Fv2%2Ftags&post=5582"}],"curies":[{"name":"wp","href":"https:\/\/api.w.org\/{rel}","templated":true}]}}