{"id":552,"date":"2014-01-13T10:04:14","date_gmt":"2014-01-13T10:04:14","guid":{"rendered":"http:\/\/www.fumssar.com.br\/?p=552"},"modified":"2024-10-07T16:36:23","modified_gmt":"2024-10-07T19:36:23","slug":"artigo-cientifico-da-fumssar-e-destaque-nacional","status":"publish","type":"post","link":"https:\/\/www.fumssar.com.br\/?p=552","title":{"rendered":"ARTIGO CIENT\u00cdFICO DA FUMSSAR \u00c9 DESTAQUE NACIONAL"},"content":{"rendered":"<p>A Rede de Pesquisa em Aten\u00e7\u00e3o Prim\u00e1ria em Sa\u00fade que \u00e9 financiada pelo Minist\u00e9rio da Sa\u00fade e tem o objetivo de proporcionar a comunica\u00e7\u00e3o e articula\u00e7\u00e3o entre os pesquisadores, trabalhadores e gestores da \u00e1rea no Brasil, aponta no seu destaque semanal artigo produzido na FUMSSAR na resid\u00eancia Multiprofissional de Sa\u00fade da Fam\u00edlia UNIJUI\/FUMSSAR. (<a href=\"http:\/\/www.rededepesquisaaps.org.br\/categoria\/informativo-eletronico\/\" target=\"_blank\" rel=\"noopener\">http:\/\/www.rededepesquisaaps.org.br\/categoria\/informativo-eletronico\/<\/a> ).<!--more--><\/p>\n<p>O artigo que enfoca os h\u00e1bitos alimentares na preven\u00e7\u00e3o de doen\u00e7as cardiovasculares em idosos hipertensos em Santa Rosa foi o tema da monografia de conclus\u00e3o da nutricionista Sabrina Dalbosco Gadenz com orienta\u00e7\u00e3o do Dr. Lu\u00eds Ant\u00f4nio Benvegn\u00fa, foi publicado na edi\u00e7\u00e3o de dezembro da revista Ci\u00eancia e Sa\u00fade Coletiva.<\/p>\n<p>Esse estudo \u00e9 um dos primeiros no pa\u00eds que descreve pr\u00e1ticas alimentares de idosos hipertensos e identifica alguns fatores que podem estar associados a esses h\u00e1bitos.<\/p>\n<p>Em uma unidade de sa\u00fade da fam\u00edlia do munic\u00edpio, foram entrevistados 212 idosos sobre seus h\u00e1bitos alimentares e foi avaliado se os mesmos estavam adequados para preven\u00e7\u00e3o de doen\u00e7as cardiovasculares. Al\u00e9m disso, eles responderam sobre condi\u00e7\u00f5es socioecon\u00f4micas, demogr\u00e1ficas, caracter\u00edsticas de sa\u00fade e tamb\u00e9m sobre a utiliza\u00e7\u00e3o de servi\u00e7os de sa\u00fade.<\/p>\n<p>Constatou-se que a maioria dos idosos comprava e preparava seus pr\u00f3prios alimentos al\u00e9m de fazerem suas refei\u00e7\u00f5es em casa. O h\u00e1bito e o pre\u00e7o foram as principais motiva\u00e7\u00f5es referidas por eles para a escolha dos alimentos.<\/p>\n<p>O uso de embutidos e de temperos industrializados, que s\u00e3o alimentos com alto teor de s\u00f3dio e que devem ser evitados para o tratamento da hipertens\u00e3o, foi referido por mais de 60% dos entrevistados. Em contrapartida, h\u00e1bitos saud\u00e1veis como o consumo de alimentos com baixo teor de gordura ( leite desnatado e carnes assadas\/grelhadas) foi pouco prevalente.<\/p>\n<p>Os resultados sinalizam que os idosos hipertensos est\u00e3o encontrando dificuldade para adotar h\u00e1bitos alimentares saud\u00e1veis para preven\u00e7\u00e3o de doen\u00e7as cardiovasculares. Isso refor\u00e7a a import\u00e2ncia e a necessidade do trabalho multiprofissional na aten\u00e7\u00e3o prim\u00e1ria. A equipe de sa\u00fade da fam\u00edlia deve estar atenta para identificar esses fatores que podem estar dificultando a ado\u00e7\u00e3o de h\u00e1bitos alimentares saud\u00e1veis. \u00c9 importante que a equipe defina estrat\u00e9gias para trabalhar com estes dificultadores. \u201cAl\u00e9m disso, esses achados podem nortear a defini\u00e7\u00e3o de estrat\u00e9gias de sa\u00fade p\u00fablica e direcionar os planos de cuidado que visam melhorar a qualidade de vida dessa popula\u00e7\u00e3o.\u201d concluem os autores.<\/p>\n<p>&nbsp;<\/p>\n<p>Sabe-se que as doen\u00e7as cardiovasculares s\u00e3o a principal causa de morte e incapacidade em idosos e a hipertens\u00e3o \u00e9 o principal fator de risco. A alimenta\u00e7\u00e3o saud\u00e1vel tem importante impacto na preven\u00e7\u00e3o e tratamento dessas doen\u00e7as.<\/p>\n<p>&nbsp;<\/p>\n","protected":false},"excerpt":{"rendered":"<p>A Rede de Pesquisa em Aten\u00e7\u00e3o Prim\u00e1ria em Sa\u00fade que \u00e9 financiada pelo Minist\u00e9rio da&#8230;<\/p>\n","protected":false},"author":3,"featured_media":553,"comment_status":"open","ping_status":"open","sticky":false,"template":"","format":"standard","meta":{"footnotes":""},"categories":[2],"tags":[],"_links":{"self":[{"href":"https:\/\/www.fumssar.com.br\/index.php?rest_route=\/wp\/v2\/posts\/552"}],"collection":[{"href":"https:\/\/www.fumssar.com.br\/index.php?rest_route=\/wp\/v2\/posts"}],"about":[{"href":"https:\/\/www.fumssar.com.br\/index.php?rest_route=\/wp\/v2\/types\/post"}],"author":[{"embeddable":true,"href":"https:\/\/www.fumssar.com.br\/index.php?rest_route=\/wp\/v2\/users\/3"}],"replies":[{"embeddable":true,"href":"https:\/\/www.fumssar.com.br\/index.php?rest_route=%2Fwp%2Fv2%2Fcomments&post=552"}],"version-history":[{"count":2,"href":"https:\/\/www.fumssar.com.br\/index.php?rest_route=\/wp\/v2\/posts\/552\/revisions"}],"predecessor-version":[{"id":27367,"href":"https:\/\/www.fumssar.com.br\/index.php?rest_route=\/wp\/v2\/posts\/552\/revisions\/27367"}],"wp:featuredmedia":[{"embeddable":true,"href":"https:\/\/www.fumssar.com.br\/index.php?rest_route=\/wp\/v2\/media\/553"}],"wp:attachment":[{"href":"https:\/\/www.fumssar.com.br\/index.php?rest_route=%2Fwp%2Fv2%2Fmedia&parent=552"}],"wp:term":[{"taxonomy":"category","embeddable":true,"href":"https:\/\/www.fumssar.com.br\/index.php?rest_route=%2Fwp%2Fv2%2Fcategories&post=552"},{"taxonomy":"post_tag","embeddable":true,"href":"https:\/\/www.fumssar.com.br\/index.php?rest_route=%2Fwp%2Fv2%2Ftags&post=552"}],"curies":[{"name":"wp","href":"https:\/\/api.w.org\/{rel}","templated":true}]}}