{"id":53,"date":"2013-11-25T18:23:45","date_gmt":"2013-11-25T18:23:45","guid":{"rendered":"http:\/\/www.fumssar.com.br\/?p=53"},"modified":"2024-10-07T16:36:46","modified_gmt":"2024-10-07T19:36:46","slug":"fumssar-pretende-implantar-um-centro-de-referencia-em-reabilitacao","status":"publish","type":"post","link":"https:\/\/www.fumssar.com.br\/?p=53","title":{"rendered":"FUMSSAR pretende implantar um Centro de Refer\u00eancia em Reabilita\u00e7\u00e3o"},"content":{"rendered":"<p>O presidente da Funda\u00e7\u00e3o Municipal de Sa\u00fade, Dr. Lu\u00eds Ant\u00f4nio Benvegn\u00fa, juntamente com uma equipe da FUMSSAR, ap\u00f3s reuni\u00e3o realizada no in\u00edcio do m\u00eas com a fonoaudi\u00f3loga da Secretaria Estadual de Sa\u00fade, Marcia Fabr\u00edcio, a fonoaudi\u00f3loga do CEREST- Iju\u00ed, T\u00e2nia Wallau e a secret\u00e1ria de Educa\u00e7\u00e3o do munic\u00edpio, Ivete Corr\u00eaa, decidiu dar andamento no projeto de implanta\u00e7\u00e3o de um Centro de Refer\u00eancia em Reabilita\u00e7\u00e3o (CER) em Santa Rosa.<!--more--><\/p>\n<p>O CER dever\u00e1 atender duas \u00e1reas especializadas entre reabilita\u00e7\u00e3o auditiva, reabilita\u00e7\u00e3o f\u00edsica e reabilita\u00e7\u00e3o intelectual. \u201cInicialmente hav\u00edamos pensado em auditiva e f\u00edsica em fun\u00e7\u00e3o da alta demanda, mas recebemos a oferta de trabalhar com a intelectual, ideia que foi muito bem aceita pela educa\u00e7\u00e3o, de modo que, juntamente com o Conselho Municipal de Sa\u00fade e a regional, ainda vamos aprofundar a discuss\u00e3o para tomarmos a decis\u00e3o\u201d, conta Benvegn\u00fa.<\/p>\n<p>Atualmente a refer\u00eancia na \u00e1rea auditiva (que inclui a disponibiliza\u00e7\u00e3o de aparelhos) \u00e9 em Iju\u00ed e a f\u00edsica \u00e9 em Giru\u00e1. O atendimento na \u00e1rea intelectual \u00e9 semelhante ao prestado na APAE mas n\u00e3o se sobrep\u00f5e, seriam aqueles alunos com problemas mas que ainda n\u00e3o precisam da APAE.<\/p>\n<p>A proposta \u00e9 de que o CER de Santa Rosa atenda os pacientes com algum problema destas \u00e1reas que ser\u00e3o avaliados primeiramente nas Unidades de Sa\u00fade onde os profissionais realizam esse encaminhamento \u00e0s secretarias municipais de sa\u00fade.<\/p>\n<p>Para a implanta\u00e7\u00e3o do servi\u00e7o o munic\u00edpio receber\u00e1 recursos para constru\u00e7\u00e3o do pr\u00e9dio, que ser\u00e1 ao lado do Hemocentro e do CEREST (cuja constru\u00e7\u00e3o ainda n\u00e3o iniciou). Al\u00e9m disso, receberia recursos mensais para o custeio inclusive contrata\u00e7\u00e3o de profissionais, sendo por volta de R$ 140 mil mensais. \u201c\u00c9 fundamental que junto com os recursos do pr\u00e9dio seja garantido o custeio mensal\u201d, completa Benvegn\u00fa.<\/p>\n","protected":false},"excerpt":{"rendered":"<p>O presidente da Funda\u00e7\u00e3o Municipal de Sa\u00fade, Dr. Lu\u00eds Ant\u00f4nio Benvegn\u00fa, juntamente com uma equipe&#8230;<\/p>\n","protected":false},"author":1,"featured_media":54,"comment_status":"open","ping_status":"open","sticky":false,"template":"","format":"standard","meta":{"footnotes":""},"categories":[2],"tags":[],"_links":{"self":[{"href":"https:\/\/www.fumssar.com.br\/index.php?rest_route=\/wp\/v2\/posts\/53"}],"collection":[{"href":"https:\/\/www.fumssar.com.br\/index.php?rest_route=\/wp\/v2\/posts"}],"about":[{"href":"https:\/\/www.fumssar.com.br\/index.php?rest_route=\/wp\/v2\/types\/post"}],"author":[{"embeddable":true,"href":"https:\/\/www.fumssar.com.br\/index.php?rest_route=\/wp\/v2\/users\/1"}],"replies":[{"embeddable":true,"href":"https:\/\/www.fumssar.com.br\/index.php?rest_route=%2Fwp%2Fv2%2Fcomments&post=53"}],"version-history":[{"count":2,"href":"https:\/\/www.fumssar.com.br\/index.php?rest_route=\/wp\/v2\/posts\/53\/revisions"}],"predecessor-version":[{"id":316,"href":"https:\/\/www.fumssar.com.br\/index.php?rest_route=\/wp\/v2\/posts\/53\/revisions\/316"}],"wp:featuredmedia":[{"embeddable":true,"href":"https:\/\/www.fumssar.com.br\/index.php?rest_route=\/wp\/v2\/media\/54"}],"wp:attachment":[{"href":"https:\/\/www.fumssar.com.br\/index.php?rest_route=%2Fwp%2Fv2%2Fmedia&parent=53"}],"wp:term":[{"taxonomy":"category","embeddable":true,"href":"https:\/\/www.fumssar.com.br\/index.php?rest_route=%2Fwp%2Fv2%2Fcategories&post=53"},{"taxonomy":"post_tag","embeddable":true,"href":"https:\/\/www.fumssar.com.br\/index.php?rest_route=%2Fwp%2Fv2%2Ftags&post=53"}],"curies":[{"name":"wp","href":"https:\/\/api.w.org\/{rel}","templated":true}]}}