{"id":5081,"date":"2015-09-02T09:00:57","date_gmt":"2015-09-02T12:00:57","guid":{"rendered":"http:\/\/www.fumssar.com.br\/?p=5081"},"modified":"2024-10-07T16:35:56","modified_gmt":"2024-10-07T19:35:56","slug":"grande-publico-prestigiou-a-inauguracao-do-posto-da-pereira","status":"publish","type":"post","link":"https:\/\/www.fumssar.com.br\/?p=5081","title":{"rendered":"Grande p\u00fablico prestigiou a inaugura\u00e7\u00e3o do Posto da Pereira"},"content":{"rendered":"<p>Mais uma obra entregue pela atual administra\u00e7\u00e3o de Santa Rosa teve uma boa aceita\u00e7\u00e3o da comunidade. inaugurado na tarde desta ter\u00e7a-feira,01, a reforma e amplia\u00e7\u00e3o da Unidade B\u00e1sica de Sa\u00fade do distrito Pereira. A comunidade local participou da solenidade que teve um clima de festa. Um grupo de dan\u00e7as da Escola Municipal Duque de Caxias da Vila Jardim, e a banda marcial do educand\u00e1rio animaram a tarde festiva do evento , que foi acompanhado por centenas de pessoas. A coordenadora da equipe de sa\u00fade da fam\u00edlia Pereira,M\u00e1rcia Zalamena destacou o momento especial que comunidade vive ao receber uma unidade reformada e ampliada, para ela a equipe e os usu\u00e1rios ir\u00e3o desfrutar de um espa\u00e7o mais acolhedor qualificando ainda\u00a0\u00a0\u00a0\u00a0\u00a0\u00a0\u00a0 mais\u00a0\u00a0\u00a0\u00a0 os\u00a0\u00a0\u00a0\u00a0\u00a0\u00a0\u00a0 servi\u00e7os\u00a0\u00a0\u00a0\u00a0\u00a0\u00a0\u00a0\u00a0\u00a0\u00a0\u00a0 ofertados.<br \/>\nO presidente da FUMSSAR, Dr. Lu\u00eds Ant\u00f4nio Benvegn\u00fa disse que o projeto inicial n\u00e3o previa muitas mudan\u00e7as com os recursos previstos ,mas atrav\u00e9s de muita luta na busca de mais recursos e com a participa\u00e7\u00e3o do munic\u00edpio foi poss\u00edvel a amplia\u00e7\u00e3o da unidade. O prefeito Alcides Vicini fez um relato breve da situa\u00e7\u00e3o em que o Pa\u00eds passa devido a crise enfrentada, mas que estes recursos j\u00e1 estavam garantidos e que deveriam ser utilizados conforme haviam sido previstos.<\/p>\n<p>\u00a0<a href=\"http:\/\/www.fumssar.com.br\/wp-content\/uploads\/2015\/09\/pereira-3.jpg\"><img loading=\"lazy\" decoding=\"async\" class=\"alignnone size-medium wp-image-5084\" alt=\"pereira 3\" src=\"http:\/\/www.fumssar.com.br\/wp-content\/uploads\/2015\/09\/pereira-3-300x225.jpg\" width=\"300\" height=\"225\" srcset=\"https:\/\/www.fumssar.com.br\/wp-content\/uploads\/2015\/09\/pereira-3-300x225.jpg 300w, https:\/\/www.fumssar.com.br\/wp-content\/uploads\/2015\/09\/pereira-3.jpg 800w\" sizes=\"(max-width: 300px) 100vw, 300px\" \/><\/a><a href=\"http:\/\/www.fumssar.com.br\/wp-content\/uploads\/2015\/09\/pereira.jpg\"><img loading=\"lazy\" decoding=\"async\" class=\"alignnone size-medium wp-image-5085\" alt=\"pereira\" src=\"http:\/\/www.fumssar.com.br\/wp-content\/uploads\/2015\/09\/pereira-300x225.jpg\" width=\"300\" height=\"225\" srcset=\"https:\/\/www.fumssar.com.br\/wp-content\/uploads\/2015\/09\/pereira-300x225.jpg 300w, https:\/\/www.fumssar.com.br\/wp-content\/uploads\/2015\/09\/pereira.jpg 800w\" sizes=\"(max-width: 300px) 100vw, 300px\" \/><\/a><\/p>\n","protected":false},"excerpt":{"rendered":"<p>Mais uma obra entregue pela atual administra\u00e7\u00e3o de Santa Rosa teve uma boa aceita\u00e7\u00e3o da&#8230;<\/p>\n","protected":false},"author":11,"featured_media":5083,"comment_status":"open","ping_status":"open","sticky":false,"template":"","format":"standard","meta":{"footnotes":""},"categories":[2],"tags":[],"_links":{"self":[{"href":"https:\/\/www.fumssar.com.br\/index.php?rest_route=\/wp\/v2\/posts\/5081"}],"collection":[{"href":"https:\/\/www.fumssar.com.br\/index.php?rest_route=\/wp\/v2\/posts"}],"about":[{"href":"https:\/\/www.fumssar.com.br\/index.php?rest_route=\/wp\/v2\/types\/post"}],"author":[{"embeddable":true,"href":"https:\/\/www.fumssar.com.br\/index.php?rest_route=\/wp\/v2\/users\/11"}],"replies":[{"embeddable":true,"href":"https:\/\/www.fumssar.com.br\/index.php?rest_route=%2Fwp%2Fv2%2Fcomments&post=5081"}],"version-history":[{"count":1,"href":"https:\/\/www.fumssar.com.br\/index.php?rest_route=\/wp\/v2\/posts\/5081\/revisions"}],"predecessor-version":[{"id":5086,"href":"https:\/\/www.fumssar.com.br\/index.php?rest_route=\/wp\/v2\/posts\/5081\/revisions\/5086"}],"wp:featuredmedia":[{"embeddable":true,"href":"https:\/\/www.fumssar.com.br\/index.php?rest_route=\/wp\/v2\/media\/5083"}],"wp:attachment":[{"href":"https:\/\/www.fumssar.com.br\/index.php?rest_route=%2Fwp%2Fv2%2Fmedia&parent=5081"}],"wp:term":[{"taxonomy":"category","embeddable":true,"href":"https:\/\/www.fumssar.com.br\/index.php?rest_route=%2Fwp%2Fv2%2Fcategories&post=5081"},{"taxonomy":"post_tag","embeddable":true,"href":"https:\/\/www.fumssar.com.br\/index.php?rest_route=%2Fwp%2Fv2%2Ftags&post=5081"}],"curies":[{"name":"wp","href":"https:\/\/api.w.org\/{rel}","templated":true}]}}