{"id":5078,"date":"2015-09-02T08:34:28","date_gmt":"2015-09-02T11:34:28","guid":{"rendered":"http:\/\/www.fumssar.com.br\/?p=5078"},"modified":"2024-10-07T16:35:56","modified_gmt":"2024-10-07T19:35:56","slug":"gestores-de-carazinho-vieram-conhecer-a-fumssar","status":"publish","type":"post","link":"https:\/\/www.fumssar.com.br\/?p=5078","title":{"rendered":"Gestores de Carazinho vieram conhecer a FUMSSAR"},"content":{"rendered":"<p>Gestores do munic\u00edpio de Carazinho estiveram visitando a Funda\u00e7\u00e3o Municipal de Sa\u00fade de Santa Rosa na tarde de segunda- feira, 31. O Vice-prefeito, Elbio Balcem\u00e3o Esteve, O secret\u00e1rio de sa\u00fade Jo\u00e3o Ricardo Hartmann e o diretor administrativo Valter Pereira vieram conhecer o funcionamento do sistema \u00fanico de sa\u00fade\u00a0 bem como a implanta\u00e7\u00e3o da FUMSSAR. O presidente da Funda\u00e7\u00e3o Dr. Lu\u00eds Ant\u00f4nio Benvegn\u00fa e os diretores Aldair Melchior e D\u00e9lcio\u00a0 Steffem receberam o grupo levando as informa\u00e7\u00f5es que os visitantes vieram buscar.\u00a0 Dr. Benvegn\u00fa \u00a0destacou que estas visitas s\u00e3o realizadas com frequ\u00eancia onde diversos munic\u00edpios buscam informa\u00e7\u00f5es sobre o sistema de sa\u00fade do munic\u00edpio, destacando que Santa Rosa serve \u00a0de modelo a ser implantado em outras cidades. A ideia dos gestores de Carazinho e de implantar uma Funda\u00e7\u00e3o naquele munic\u00edpio.<\/p>\n<p>&nbsp;<\/p>\n","protected":false},"excerpt":{"rendered":"<p>Gestores do munic\u00edpio de Carazinho estiveram visitando a Funda\u00e7\u00e3o Municipal de Sa\u00fade de Santa Rosa&#8230;<\/p>\n","protected":false},"author":11,"featured_media":5079,"comment_status":"open","ping_status":"open","sticky":false,"template":"","format":"standard","meta":{"footnotes":""},"categories":[2],"tags":[],"_links":{"self":[{"href":"https:\/\/www.fumssar.com.br\/index.php?rest_route=\/wp\/v2\/posts\/5078"}],"collection":[{"href":"https:\/\/www.fumssar.com.br\/index.php?rest_route=\/wp\/v2\/posts"}],"about":[{"href":"https:\/\/www.fumssar.com.br\/index.php?rest_route=\/wp\/v2\/types\/post"}],"author":[{"embeddable":true,"href":"https:\/\/www.fumssar.com.br\/index.php?rest_route=\/wp\/v2\/users\/11"}],"replies":[{"embeddable":true,"href":"https:\/\/www.fumssar.com.br\/index.php?rest_route=%2Fwp%2Fv2%2Fcomments&post=5078"}],"version-history":[{"count":1,"href":"https:\/\/www.fumssar.com.br\/index.php?rest_route=\/wp\/v2\/posts\/5078\/revisions"}],"predecessor-version":[{"id":5080,"href":"https:\/\/www.fumssar.com.br\/index.php?rest_route=\/wp\/v2\/posts\/5078\/revisions\/5080"}],"wp:featuredmedia":[{"embeddable":true,"href":"https:\/\/www.fumssar.com.br\/index.php?rest_route=\/wp\/v2\/media\/5079"}],"wp:attachment":[{"href":"https:\/\/www.fumssar.com.br\/index.php?rest_route=%2Fwp%2Fv2%2Fmedia&parent=5078"}],"wp:term":[{"taxonomy":"category","embeddable":true,"href":"https:\/\/www.fumssar.com.br\/index.php?rest_route=%2Fwp%2Fv2%2Fcategories&post=5078"},{"taxonomy":"post_tag","embeddable":true,"href":"https:\/\/www.fumssar.com.br\/index.php?rest_route=%2Fwp%2Fv2%2Ftags&post=5078"}],"curies":[{"name":"wp","href":"https:\/\/api.w.org\/{rel}","templated":true}]}}