{"id":497,"date":"2014-01-09T15:44:13","date_gmt":"2014-01-09T15:44:13","guid":{"rendered":"http:\/\/www.fumssar.com.br\/?p=497"},"modified":"2024-10-07T16:36:23","modified_gmt":"2024-10-07T19:36:23","slug":"o-samu-realizou-em-santa-rosa-em-2013-mais-de-2-mil-atendimentos","status":"publish","type":"post","link":"https:\/\/www.fumssar.com.br\/?p=497","title":{"rendered":"SAMU recebe novas ambul\u00e2ncias"},"content":{"rendered":"<p>O SAMU, administrado pelo Hospital Vida &amp; Sa\u00fade, recebeu na manh\u00e3 desta quarta-feira(08), duas novas ambul\u00e2ncias. Os ve\u00edculos v\u00e3o substituir as antigas ambul\u00e2ncias que j\u00e1 estavam bastante desgastadas pelo tempo de uso.<!--more--><\/p>\n<p>O ato ocorreu em frente ao SAMU e contou com a presen\u00e7a do presidente do Hospital, Anderson Mantei, da Diretora Geral Vanderli de Barros, do Conselheiro Aldemir Ulrich, do Delegado da 14\u00aa Coordenadoria de Sa\u00fade, Ant\u00f4nio De Paula, do Presidente da FUMSSAR, Luis Ant\u00f4nio Benvegnu, o Diretor Aldair Melchior, equipe do SAMU e demais profissionais da Funda\u00e7\u00e3o e do Hospital. Segundo o presidente do Hospital, \u201cEssas ambul\u00e2ncias v\u00e3o modernizar e qualificar ainda mais o atendimento que \u00e9 prestado para nossa comunidade\u201d.<\/p>\n<p>Os ve\u00edculos foram encaminhados pelo Governo Federal ao munic\u00edpio que \u00e9 o gestor. O presidente da FUMSSAR, que fez o repasse, destacou a import\u00e2ncia da substitui\u00e7\u00e3o dos ve\u00edculos, \u201cCom as novas ambul\u00e2ncias temos mais seguran\u00e7a nos atendimentos, e com os equipamentos garantimos a manuten\u00e7\u00e3o da boa qualidade\u201d. As novas ambul\u00e2ncias j\u00e1 est\u00e3o em funcionamento.<a href=\"http:\/\/www.fumssar.com.br\/wp-content\/uploads\/2014\/01\/DSCN4812.jpg\"><img loading=\"lazy\" decoding=\"async\" class=\"alignnone size-medium wp-image-498\" alt=\"DSCN4812\" src=\"http:\/\/www.fumssar.com.br\/wp-content\/uploads\/2014\/01\/DSCN4812-300x225.jpg\" width=\"300\" height=\"225\" srcset=\"https:\/\/www.fumssar.com.br\/wp-content\/uploads\/2014\/01\/DSCN4812-300x225.jpg 300w, https:\/\/www.fumssar.com.br\/wp-content\/uploads\/2014\/01\/DSCN4812-1024x768.jpg 1024w\" sizes=\"(max-width: 300px) 100vw, 300px\" \/><\/a><\/p>\n","protected":false},"excerpt":{"rendered":"<p>O SAMU, administrado pelo Hospital Vida &amp; Sa\u00fade, recebeu na manh\u00e3 desta quarta-feira(08), duas novas&#8230;<\/p>\n","protected":false},"author":3,"featured_media":499,"comment_status":"open","ping_status":"open","sticky":false,"template":"","format":"standard","meta":{"footnotes":""},"categories":[2],"tags":[],"_links":{"self":[{"href":"https:\/\/www.fumssar.com.br\/index.php?rest_route=\/wp\/v2\/posts\/497"}],"collection":[{"href":"https:\/\/www.fumssar.com.br\/index.php?rest_route=\/wp\/v2\/posts"}],"about":[{"href":"https:\/\/www.fumssar.com.br\/index.php?rest_route=\/wp\/v2\/types\/post"}],"author":[{"embeddable":true,"href":"https:\/\/www.fumssar.com.br\/index.php?rest_route=\/wp\/v2\/users\/3"}],"replies":[{"embeddable":true,"href":"https:\/\/www.fumssar.com.br\/index.php?rest_route=%2Fwp%2Fv2%2Fcomments&post=497"}],"version-history":[{"count":3,"href":"https:\/\/www.fumssar.com.br\/index.php?rest_route=\/wp\/v2\/posts\/497\/revisions"}],"predecessor-version":[{"id":502,"href":"https:\/\/www.fumssar.com.br\/index.php?rest_route=\/wp\/v2\/posts\/497\/revisions\/502"}],"wp:featuredmedia":[{"embeddable":true,"href":"https:\/\/www.fumssar.com.br\/index.php?rest_route=\/wp\/v2\/media\/499"}],"wp:attachment":[{"href":"https:\/\/www.fumssar.com.br\/index.php?rest_route=%2Fwp%2Fv2%2Fmedia&parent=497"}],"wp:term":[{"taxonomy":"category","embeddable":true,"href":"https:\/\/www.fumssar.com.br\/index.php?rest_route=%2Fwp%2Fv2%2Fcategories&post=497"},{"taxonomy":"post_tag","embeddable":true,"href":"https:\/\/www.fumssar.com.br\/index.php?rest_route=%2Fwp%2Fv2%2Ftags&post=497"}],"curies":[{"name":"wp","href":"https:\/\/api.w.org\/{rel}","templated":true}]}}