{"id":4894,"date":"2015-08-26T09:43:04","date_gmt":"2015-08-26T12:43:04","guid":{"rendered":"http:\/\/www.fumssar.com.br\/?p=4894"},"modified":"2024-10-07T16:35:56","modified_gmt":"2024-10-07T19:35:56","slug":"grupo-de-servidores-da-fumssar-praticam-passeio-ciclistico","status":"publish","type":"post","link":"https:\/\/www.fumssar.com.br\/?p=4894","title":{"rendered":"Grupo de  servidores da FUMSSAR praticam passeio cicl\u00edstico"},"content":{"rendered":"<p>&nbsp;<\/p>\n<p>Um grupo de servidores da Funda\u00e7\u00e3o Municipal de Sa\u00fade de Santa Rosa- FUMSSAR, iniciou na noite desta ter\u00e7a-feira,25, uma s\u00e9rie de passeios cicl\u00edsticos. Os servidores e familiares concentraram-se na pra\u00e7a ao lado do Quartel na Avenida Expedicion\u00e1rio Weber, onde realizaram inicialmente exerc\u00edcios de alongamentos orientados por uma profissional e logo ap\u00f3s tomaram a ciclovia indo at\u00e9 o Bairro Cruzeiro e retornando pelo mesmo trajeto. A idealizadora do dos passeios Elisiane Bisognin explicou que a ideia \u00e9 a pr\u00e1tica do ciclismo como esporte e melhoria na qualidade de vida e tamb\u00e9m como forma de uma intera\u00e7\u00e3o entre servidores e seus familiares. Elisiane destacou ainda que os passeios poder\u00e3o servir de incentivo para que mais pessoas pratiquem este tipo de exerc\u00edcio. Os passeios do grupo ser\u00e3o realizados todas as ter\u00e7as e quintas \u2013feiras, \u00e1s 19 horas.<\/p>\n<p><a href=\"http:\/\/www.fumssar.com.br\/wp-content\/uploads\/2015\/08\/passeio-4.jpg\"><img loading=\"lazy\" decoding=\"async\" class=\"alignnone size-medium wp-image-4896\" alt=\"passeio 4\" src=\"http:\/\/www.fumssar.com.br\/wp-content\/uploads\/2015\/08\/passeio-4-300x225.jpg\" width=\"300\" height=\"225\" srcset=\"https:\/\/www.fumssar.com.br\/wp-content\/uploads\/2015\/08\/passeio-4-300x225.jpg 300w, https:\/\/www.fumssar.com.br\/wp-content\/uploads\/2015\/08\/passeio-4.jpg 800w\" sizes=\"(max-width: 300px) 100vw, 300px\" \/><\/a><a href=\"http:\/\/www.fumssar.com.br\/wp-content\/uploads\/2015\/08\/passeio-5.jpg\"><img loading=\"lazy\" decoding=\"async\" class=\"alignnone size-medium wp-image-4897\" alt=\"passeio 5\" src=\"http:\/\/www.fumssar.com.br\/wp-content\/uploads\/2015\/08\/passeio-5-300x225.jpg\" width=\"300\" height=\"225\" srcset=\"https:\/\/www.fumssar.com.br\/wp-content\/uploads\/2015\/08\/passeio-5-300x225.jpg 300w, https:\/\/www.fumssar.com.br\/wp-content\/uploads\/2015\/08\/passeio-5.jpg 800w\" sizes=\"(max-width: 300px) 100vw, 300px\" \/><\/a><\/p>\n","protected":false},"excerpt":{"rendered":"<p>&nbsp; Um grupo de servidores da Funda\u00e7\u00e3o Municipal de Sa\u00fade de Santa Rosa- FUMSSAR, iniciou&#8230;<\/p>\n","protected":false},"author":11,"featured_media":4895,"comment_status":"open","ping_status":"open","sticky":false,"template":"","format":"standard","meta":{"footnotes":""},"categories":[2],"tags":[],"_links":{"self":[{"href":"https:\/\/www.fumssar.com.br\/index.php?rest_route=\/wp\/v2\/posts\/4894"}],"collection":[{"href":"https:\/\/www.fumssar.com.br\/index.php?rest_route=\/wp\/v2\/posts"}],"about":[{"href":"https:\/\/www.fumssar.com.br\/index.php?rest_route=\/wp\/v2\/types\/post"}],"author":[{"embeddable":true,"href":"https:\/\/www.fumssar.com.br\/index.php?rest_route=\/wp\/v2\/users\/11"}],"replies":[{"embeddable":true,"href":"https:\/\/www.fumssar.com.br\/index.php?rest_route=%2Fwp%2Fv2%2Fcomments&post=4894"}],"version-history":[{"count":1,"href":"https:\/\/www.fumssar.com.br\/index.php?rest_route=\/wp\/v2\/posts\/4894\/revisions"}],"predecessor-version":[{"id":4898,"href":"https:\/\/www.fumssar.com.br\/index.php?rest_route=\/wp\/v2\/posts\/4894\/revisions\/4898"}],"wp:featuredmedia":[{"embeddable":true,"href":"https:\/\/www.fumssar.com.br\/index.php?rest_route=\/wp\/v2\/media\/4895"}],"wp:attachment":[{"href":"https:\/\/www.fumssar.com.br\/index.php?rest_route=%2Fwp%2Fv2%2Fmedia&parent=4894"}],"wp:term":[{"taxonomy":"category","embeddable":true,"href":"https:\/\/www.fumssar.com.br\/index.php?rest_route=%2Fwp%2Fv2%2Fcategories&post=4894"},{"taxonomy":"post_tag","embeddable":true,"href":"https:\/\/www.fumssar.com.br\/index.php?rest_route=%2Fwp%2Fv2%2Ftags&post=4894"}],"curies":[{"name":"wp","href":"https:\/\/api.w.org\/{rel}","templated":true}]}}