{"id":4864,"date":"2015-08-24T14:17:23","date_gmt":"2015-08-24T17:17:23","guid":{"rendered":"http:\/\/www.fumssar.com.br\/?p=4864"},"modified":"2024-10-07T16:35:56","modified_gmt":"2024-10-07T19:35:56","slug":"inaugurado-em-clima-de-festa-o-posto-de-saude-do-bairro-planalto","status":"publish","type":"post","link":"https:\/\/www.fumssar.com.br\/?p=4864","title":{"rendered":"Inaugurado em clima de festa o Posto de Sa\u00fade do Bairro Planalto"},"content":{"rendered":"<p>A comunidade da Planalto recebeu oficialmente na tarde desta sexta-feira, 21, a unidade b\u00e1sica de sa\u00fade totalmente reformada e ampliada. Durante toda a tarde um clima de festa tomou conta do local. M\u00fasicos locais animaram \u00e0 tarde na unidade e durante a solenidade houveram apresenta\u00e7\u00f5es das crian\u00e7as da Escola Municipal Infantil- Jeito de Crian\u00e7a, da escola Espa\u00e7o Feliz e da Banda Marcial da Escola Municipal Pedro Speroni.<br \/>\nA coordenadora da unidade Loreci Pires de Almeida em seu pronunciamento disse estar juntamente com sua equipe estar muito satisfeita com o novo ambiente que receberam para realizar o trabalho. Para ela o novo ambiente ir\u00e1 qualificar ainda mais os servi\u00e7os que s\u00e3o ofertados \u00e0 popula\u00e7\u00e3o. O diretor da gest\u00e3o administrativa da FUMSSAR, Aldair Melchior fez um relato sobre a execu\u00e7\u00e3o da obra, que inicialmente estava prevista apenas uma reforma, mas que com a insist\u00eancia e efici\u00eancia da gest\u00e3o foi poss\u00edvel buscar mais recursos, possibilitando ent\u00e3o a amplia\u00e7\u00e3o do posto.<br \/>\nO presidente da FUMSSAR, Dr. Lu\u00eds Ant\u00f4nio Benvegn\u00fa, destacou o momento muito importante para os usu\u00e1rios do SUS do bairro, ressaltando que foi com muitas dificuldades buscar mais recursos, mas que a unidade e a equipe necessitavam de mais espa\u00e7o para prestar um atendimento mais qualificado. Benvegn\u00fa frisou a participa\u00e7\u00e3o efetiva do prefeito Vicini no processo da amplia\u00e7\u00e3o do posto. \u201cTivemos muito empenho da nossa equipe na elabora\u00e7\u00e3o do projeto, e na busca de mais recursos, mas o prefeito Vicini teve uma participa\u00e7\u00e3o muito efetiva no processo\u201d frisou o presidente da FUMSSAR. O prefeito Alcides Vicini parabenizou a comunidade pela conquista, destacando que em momentos de crise o governo municipal tem sido muito cauteloso na aplica\u00e7\u00e3o dos recursos. Reportando &#8211; se \u00e0 obra inaugurada ele frisou que os recursos estavam previstos e tendo que ser investidos para a sua destina\u00e7\u00e3o, ou seja, a reforma e amplia\u00e7\u00e3o do posto. \u201cSempre tivemos muito cuidado na aplica\u00e7\u00e3o dos recursos p\u00fablicos, mas este \u00e9 um momento que devemos ter muita cautela, este momento festivo de hoje \u00e9 mais uma prova de comprometimento com a aplica\u00e7\u00e3o dos recursos p\u00fablicos\u201d finalizou o prefeito. A solenidade contou com a presen\u00e7a de lideran\u00e7as, autoridades e de usu\u00e1rios do sistema de sa\u00fade do bairro.<\/p>\n<p>\u00a0<a href=\"http:\/\/www.fumssar.com.br\/wp-content\/uploads\/2015\/08\/ianugura\u00e7\u00e3o-planalto.jpg\"><img loading=\"lazy\" decoding=\"async\" class=\"alignnone size-medium wp-image-4871\" alt=\"ianugura\u00e7\u00e3o planalto\" src=\"http:\/\/www.fumssar.com.br\/wp-content\/uploads\/2015\/08\/ianugura\u00e7\u00e3o-planalto-300x225.jpg\" width=\"300\" height=\"225\" srcset=\"https:\/\/www.fumssar.com.br\/wp-content\/uploads\/2015\/08\/ianugura\u00e7\u00e3o-planalto-300x225.jpg 300w, https:\/\/www.fumssar.com.br\/wp-content\/uploads\/2015\/08\/ianugura\u00e7\u00e3o-planalto-1024x768.jpg 1024w, https:\/\/www.fumssar.com.br\/wp-content\/uploads\/2015\/08\/ianugura\u00e7\u00e3o-planalto.jpg 1600w\" sizes=\"(max-width: 300px) 100vw, 300px\" \/><\/a> <a href=\"http:\/\/www.fumssar.com.br\/wp-content\/uploads\/2015\/08\/iaugura\u00e7\u00e3o-palanalto-2.jpg\"><img loading=\"lazy\" decoding=\"async\" class=\"alignnone size-medium wp-image-4872\" alt=\"iaugura\u00e7\u00e3o palanalto 2\" src=\"http:\/\/www.fumssar.com.br\/wp-content\/uploads\/2015\/08\/iaugura\u00e7\u00e3o-palanalto-2-300x225.jpg\" width=\"300\" height=\"225\" srcset=\"https:\/\/www.fumssar.com.br\/wp-content\/uploads\/2015\/08\/iaugura\u00e7\u00e3o-palanalto-2-300x225.jpg 300w, https:\/\/www.fumssar.com.br\/wp-content\/uploads\/2015\/08\/iaugura\u00e7\u00e3o-palanalto-2.jpg 800w\" sizes=\"(max-width: 300px) 100vw, 300px\" \/><\/a><a href=\"http:\/\/www.fumssar.com.br\/wp-content\/uploads\/2015\/08\/iaugura\u00e7\u00e3o-planalto-3.jpg\"><img loading=\"lazy\" decoding=\"async\" class=\"alignnone size-medium wp-image-4873\" alt=\"iaugura\u00e7\u00e3o planalto 3\" src=\"http:\/\/www.fumssar.com.br\/wp-content\/uploads\/2015\/08\/iaugura\u00e7\u00e3o-planalto-3-300x225.jpg\" width=\"300\" height=\"225\" srcset=\"https:\/\/www.fumssar.com.br\/wp-content\/uploads\/2015\/08\/iaugura\u00e7\u00e3o-planalto-3-300x225.jpg 300w, https:\/\/www.fumssar.com.br\/wp-content\/uploads\/2015\/08\/iaugura\u00e7\u00e3o-planalto-3.jpg 800w\" sizes=\"(max-width: 300px) 100vw, 300px\" \/><\/a><\/p>\n","protected":false},"excerpt":{"rendered":"<p>A comunidade da Planalto recebeu oficialmente na tarde desta sexta-feira, 21, a unidade b\u00e1sica de&#8230;<\/p>\n","protected":false},"author":11,"featured_media":4870,"comment_status":"open","ping_status":"open","sticky":false,"template":"","format":"standard","meta":{"footnotes":""},"categories":[2],"tags":[],"_links":{"self":[{"href":"https:\/\/www.fumssar.com.br\/index.php?rest_route=\/wp\/v2\/posts\/4864"}],"collection":[{"href":"https:\/\/www.fumssar.com.br\/index.php?rest_route=\/wp\/v2\/posts"}],"about":[{"href":"https:\/\/www.fumssar.com.br\/index.php?rest_route=\/wp\/v2\/types\/post"}],"author":[{"embeddable":true,"href":"https:\/\/www.fumssar.com.br\/index.php?rest_route=\/wp\/v2\/users\/11"}],"replies":[{"embeddable":true,"href":"https:\/\/www.fumssar.com.br\/index.php?rest_route=%2Fwp%2Fv2%2Fcomments&post=4864"}],"version-history":[{"count":1,"href":"https:\/\/www.fumssar.com.br\/index.php?rest_route=\/wp\/v2\/posts\/4864\/revisions"}],"predecessor-version":[{"id":4874,"href":"https:\/\/www.fumssar.com.br\/index.php?rest_route=\/wp\/v2\/posts\/4864\/revisions\/4874"}],"wp:featuredmedia":[{"embeddable":true,"href":"https:\/\/www.fumssar.com.br\/index.php?rest_route=\/wp\/v2\/media\/4870"}],"wp:attachment":[{"href":"https:\/\/www.fumssar.com.br\/index.php?rest_route=%2Fwp%2Fv2%2Fmedia&parent=4864"}],"wp:term":[{"taxonomy":"category","embeddable":true,"href":"https:\/\/www.fumssar.com.br\/index.php?rest_route=%2Fwp%2Fv2%2Fcategories&post=4864"},{"taxonomy":"post_tag","embeddable":true,"href":"https:\/\/www.fumssar.com.br\/index.php?rest_route=%2Fwp%2Fv2%2Ftags&post=4864"}],"curies":[{"name":"wp","href":"https:\/\/api.w.org\/{rel}","templated":true}]}}