{"id":4857,"date":"2015-08-19T17:24:35","date_gmt":"2015-08-19T20:24:35","guid":{"rendered":"http:\/\/www.fumssar.com.br\/?p=4857"},"modified":"2024-10-07T16:35:56","modified_gmt":"2024-10-07T19:35:56","slug":"unidade-de-saude-recebeu-o-nome-de-vo-isabel","status":"publish","type":"post","link":"https:\/\/www.fumssar.com.br\/?p=4857","title":{"rendered":"Unidade de Sa\u00fade recebeu  o nome de \u201cV\u00f3 Isabel\u201d"},"content":{"rendered":"<p>Maria Isabel Reis do Nascimento \u201c V\u00f3 Isabel\u201d, \u00e9 o nome oficial da \u00a0unidade b\u00e1sica de sa\u00fade Esperan\u00e7a do bairro S\u00e3o Francisco. A solenidade oficial \u00a0foi realizada na manh\u00e3 de quarta-feira,19, nas depend\u00eancias da unidade momento em que foi descerrada a placa de denomina\u00e7\u00e3o. A homenagem foi aprovada pela C\u00e2mara de Vereadores, atrav\u00e9s de proposi\u00e7\u00e3o do vereador Valdemar Fonseca, e sancionada pelo executivo atrav\u00e9s da lei\u00a0 5.168 de 2 de dezembro de 2014.<\/p>\n<p>V\u00f3 Isabel, nasceu em Cruz Alta em 13 de mar\u00e7o de 1889, \u00a0\u00a018 anos ap\u00f3s\u00a0 a aboli\u00e7\u00e3o da escravatura, no entanto seus pais foram escravos \u00a0da propriedade do senhor Thomaz, um fazendeiro da regi\u00e3o de Cruz Alta. Em 1940 sua fam\u00edlia veio morar em Santa Rosa, para trabalharem na implanta\u00e7\u00e3o da rede ferrovi\u00e1ria, estabelecendo-se na rua do Capim, onde hoje est\u00e1 estabelecido o Col\u00e9gio Dom Bosco, tendo que a fam\u00edlia por determina\u00e7\u00e3o\u00a0 do poder p\u00fablico da \u00e9poca\u00a0 mudar \u2013se para outro local, mudaram-se ent\u00e3o para a Vila Americana, hoje vila Winkelmann iniciando desta forma uma busca por melhoria na qualidade de vida. A Vila na \u00e9poca era habitada por trabalhadores da ferrovia e no local eram confeccionados os dormentes para a linha f\u00e9rrea. A fam\u00edlia de Isabel\u00a0 foi se inserindo e ajudando a construir a comunidade onde residiam participando de diversas atividades. A pouca exist\u00eancia no n\u00famero de parteiras e o conhecimento que V\u00f3 Isabel possu\u00eda \u00a0como aparadeira fez com que ela realizasse partos nas mulheres da comunidade. Ela n\u00e3o recebia pelo servi\u00e7o, mas exigia que as crian\u00e7as\u00a0 que nascessem por interm\u00e9dio de suas m\u00e3os, fossem batizadas\u00a0 no m\u00e1ximo em dois dias. Tamb\u00e9m desempenhou a fun\u00e7\u00e3o de cozinheira, participando tamb\u00e9m como parceira em um estabelecimento comercial, realizando trabalhos de aconselhamento \u00e0 pessoas, benzeduras massagens e outros. Al\u00e9m de um trabalho em prol da comunidade ela deixou um legado de ensinamentos aos seus descendentes e a todos que conviveram com ela\u00a0 na pr\u00e1tica do bem.<\/p>\n<p>Autoridades, lideran\u00e7as, familiares e amigos participaram do evento que teve momentos de emo\u00e7\u00e3o.\u00a0 O Bisneto da homenageada Jorge Luiz Thomas de Oliveira, falou em nome da fam\u00edlia agradecendo a homenagem, destacando que \u00e9 um momento muito comemorado\u00a0 vendo o nome da sempre lembrada V\u00f3 sendo destacado em um pr\u00e9dio p\u00fablico. O Vereador Valdemar Fonseca, disse que ao apresentar a mat\u00e9ria na C\u00e2mara viu a acolhida un\u00e2nime dos demais Vereadores fluir de forma natural. O parlamentar ressaltou que foi uma homenagem muito justa h\u00e1 uma pessoa que s\u00f3 fez o bem e deixou um aprendizado de solidariedade e bondade. \u201c Um exemplo a ser seguido por todos, de bondade e dedica\u00e7\u00e3o ao pr\u00f3ximo\u201d frisou Fonseca. O presidente da Funda\u00e7\u00e3o Municipal de Sa\u00fade de Santa \u2013 FUMSSAR, Dr. \u00a0falou em nome do Poder Executivo, lembrando que o passado de uma cidade \u00e9 cheio de relatos de vida de pessoas que no anonimato realizaram tarefas que ajudam a construir uma comunidade, e que a hist\u00f3ria da V\u00f3 Isabel ficar\u00e1 registrada na mente de muitas pessoas para sempre. Benvegn\u00fa destacou a import\u00e2ncia do reconhecimento do munic\u00edpio deixando um pr\u00e9dio p\u00fablico com o nome de uma pessoa digna e com uma vida repleta de benfeitorias. \u201c Para n\u00f3s, e muito gratificante estarmos denominando esta edifica\u00e7\u00e3o que presta um servi\u00e7o \u00e0 nossa comunidade, com um nome de uma pessoa que muito contribuiu com a comunidade\u201d Finalizou o Presidente.<a href=\"http:\/\/www.fumssar.com.br\/wp-content\/uploads\/2015\/08\/v\u00f3-isabel-imagem.jpg\"><img loading=\"lazy\" decoding=\"async\" class=\"alignnone size-medium wp-image-4859\" alt=\"v\u00f3 isabel imagem\" src=\"http:\/\/www.fumssar.com.br\/wp-content\/uploads\/2015\/08\/v\u00f3-isabel-imagem-300x225.jpg\" width=\"300\" height=\"225\" srcset=\"https:\/\/www.fumssar.com.br\/wp-content\/uploads\/2015\/08\/v\u00f3-isabel-imagem-300x225.jpg 300w, https:\/\/www.fumssar.com.br\/wp-content\/uploads\/2015\/08\/v\u00f3-isabel-imagem.jpg 800w\" sizes=\"(max-width: 300px) 100vw, 300px\" \/><\/a><a href=\"http:\/\/www.fumssar.com.br\/wp-content\/uploads\/2015\/08\/vo-isabel-placa.jpg\"><img loading=\"lazy\" decoding=\"async\" class=\"alignnone size-medium wp-image-4860\" alt=\"vo isabel placa\" src=\"http:\/\/www.fumssar.com.br\/wp-content\/uploads\/2015\/08\/vo-isabel-placa-300x225.jpg\" width=\"300\" height=\"225\" srcset=\"https:\/\/www.fumssar.com.br\/wp-content\/uploads\/2015\/08\/vo-isabel-placa-300x225.jpg 300w, https:\/\/www.fumssar.com.br\/wp-content\/uploads\/2015\/08\/vo-isabel-placa.jpg 800w\" sizes=\"(max-width: 300px) 100vw, 300px\" \/><\/a><\/p>\n","protected":false},"excerpt":{"rendered":"<p>Maria Isabel Reis do Nascimento \u201c V\u00f3 Isabel\u201d, \u00e9 o nome oficial da \u00a0unidade b\u00e1sica&#8230;<\/p>\n","protected":false},"author":11,"featured_media":4858,"comment_status":"open","ping_status":"open","sticky":false,"template":"","format":"standard","meta":{"footnotes":""},"categories":[2],"tags":[],"_links":{"self":[{"href":"https:\/\/www.fumssar.com.br\/index.php?rest_route=\/wp\/v2\/posts\/4857"}],"collection":[{"href":"https:\/\/www.fumssar.com.br\/index.php?rest_route=\/wp\/v2\/posts"}],"about":[{"href":"https:\/\/www.fumssar.com.br\/index.php?rest_route=\/wp\/v2\/types\/post"}],"author":[{"embeddable":true,"href":"https:\/\/www.fumssar.com.br\/index.php?rest_route=\/wp\/v2\/users\/11"}],"replies":[{"embeddable":true,"href":"https:\/\/www.fumssar.com.br\/index.php?rest_route=%2Fwp%2Fv2%2Fcomments&post=4857"}],"version-history":[{"count":1,"href":"https:\/\/www.fumssar.com.br\/index.php?rest_route=\/wp\/v2\/posts\/4857\/revisions"}],"predecessor-version":[{"id":4861,"href":"https:\/\/www.fumssar.com.br\/index.php?rest_route=\/wp\/v2\/posts\/4857\/revisions\/4861"}],"wp:featuredmedia":[{"embeddable":true,"href":"https:\/\/www.fumssar.com.br\/index.php?rest_route=\/wp\/v2\/media\/4858"}],"wp:attachment":[{"href":"https:\/\/www.fumssar.com.br\/index.php?rest_route=%2Fwp%2Fv2%2Fmedia&parent=4857"}],"wp:term":[{"taxonomy":"category","embeddable":true,"href":"https:\/\/www.fumssar.com.br\/index.php?rest_route=%2Fwp%2Fv2%2Fcategories&post=4857"},{"taxonomy":"post_tag","embeddable":true,"href":"https:\/\/www.fumssar.com.br\/index.php?rest_route=%2Fwp%2Fv2%2Ftags&post=4857"}],"curies":[{"name":"wp","href":"https:\/\/api.w.org\/{rel}","templated":true}]}}