{"id":4846,"date":"2015-08-17T09:14:40","date_gmt":"2015-08-17T12:14:40","guid":{"rendered":"http:\/\/www.fumssar.com.br\/?p=4846"},"modified":"2024-10-07T16:35:56","modified_gmt":"2024-10-07T19:35:56","slug":"comunidade-da-balnearia-recebeu-academia-de-saude","status":"publish","type":"post","link":"https:\/\/www.fumssar.com.br\/?p=4846","title":{"rendered":"Comunidade da Balne\u00e1ria recebeu Academia de Sa\u00fade"},"content":{"rendered":"<p>Na tarde deste s\u00e1bado, (14), a comunidade da Balne\u00e1ria recebeu oficialmente a academia de sa\u00fade. O ato inaugural contou com a presen\u00e7a de autoridades, lideran\u00e7as pol\u00edticas, comunit\u00e1rias e moradores da localidade. A academia foi constru\u00edda em conjunto com a comunidade, a administra\u00e7\u00e3o municipal, atrav\u00e9s da FUMSSAR adquiriu os equipamentos e associa\u00e7\u00e3o contribuiu com as bases de concreto para a instala\u00e7\u00e3o dos aparelhos de gin\u00e1stica. O presidente da Associa\u00e7\u00e3o, Albino Pires destacou que a parceria firmada vem beneficiar os moradores para a pr\u00e1tica de exerc\u00edcios. O diretor da gest\u00e3o administrativa da FUMSSAR, Aldair Melchior, disse que a atual gest\u00e3o j\u00e1 implantou dez academias no munic\u00edpio sendo duas no interior e que estes investimentos v\u00eam contribuir na aten\u00e7\u00e3o prim\u00e1ria de sa\u00fade, na sa\u00fade preventiva, contribuindo com a qualidade de vida dos mun\u00edcipes. O prefeito municipal Alcides Vicini frisou a import\u00e2ncia da parceria da comunidade com a administra\u00e7\u00e3o, que produzem frutos ben\u00e9ficos \u00e0 comunidade. Vicini lembrou ainda que a comunidade da Balne\u00e1ria vem recebendo investimentos da administra\u00e7\u00e3o, ressaltando o gin\u00e1sio coberto que est\u00e1 em fase\u00a0\u00a0\u00a0\u00a0\u00a0\u00a0\u00a0\u00a0 de\u00a0\u00a0\u00a0\u00a0\u00a0 conclus\u00e3o. Ap\u00f3s a inaugura\u00e7\u00e3o foi realizada uma aula de gin\u00e1stica orientada por uma profissional educadora f\u00edsica da FUMSSAR.<a href=\"http:\/\/www.fumssar.com.br\/wp-content\/uploads\/2015\/08\/balnearia-2.jpg\"><img loading=\"lazy\" decoding=\"async\" class=\"alignnone size-medium wp-image-4848\" alt=\"balnearia 2\" src=\"http:\/\/www.fumssar.com.br\/wp-content\/uploads\/2015\/08\/balnearia-2-300x225.jpg\" width=\"300\" height=\"225\" srcset=\"https:\/\/www.fumssar.com.br\/wp-content\/uploads\/2015\/08\/balnearia-2-300x225.jpg 300w, https:\/\/www.fumssar.com.br\/wp-content\/uploads\/2015\/08\/balnearia-2.jpg 800w\" sizes=\"(max-width: 300px) 100vw, 300px\" \/><\/a> <a href=\"http:\/\/www.fumssar.com.br\/wp-content\/uploads\/2015\/08\/balnearia-3.jpg\"><img loading=\"lazy\" decoding=\"async\" class=\"alignnone size-medium wp-image-4849\" alt=\"balnearia 3\" src=\"http:\/\/www.fumssar.com.br\/wp-content\/uploads\/2015\/08\/balnearia-3-300x225.jpg\" width=\"300\" height=\"225\" srcset=\"https:\/\/www.fumssar.com.br\/wp-content\/uploads\/2015\/08\/balnearia-3-300x225.jpg 300w, https:\/\/www.fumssar.com.br\/wp-content\/uploads\/2015\/08\/balnearia-3.jpg 800w\" sizes=\"(max-width: 300px) 100vw, 300px\" \/><\/a><\/p>\n","protected":false},"excerpt":{"rendered":"<p>Na tarde deste s\u00e1bado, (14), a comunidade da Balne\u00e1ria recebeu oficialmente a academia de sa\u00fade&#8230;.<\/p>\n","protected":false},"author":11,"featured_media":4847,"comment_status":"open","ping_status":"open","sticky":false,"template":"","format":"standard","meta":{"footnotes":""},"categories":[2],"tags":[],"_links":{"self":[{"href":"https:\/\/www.fumssar.com.br\/index.php?rest_route=\/wp\/v2\/posts\/4846"}],"collection":[{"href":"https:\/\/www.fumssar.com.br\/index.php?rest_route=\/wp\/v2\/posts"}],"about":[{"href":"https:\/\/www.fumssar.com.br\/index.php?rest_route=\/wp\/v2\/types\/post"}],"author":[{"embeddable":true,"href":"https:\/\/www.fumssar.com.br\/index.php?rest_route=\/wp\/v2\/users\/11"}],"replies":[{"embeddable":true,"href":"https:\/\/www.fumssar.com.br\/index.php?rest_route=%2Fwp%2Fv2%2Fcomments&post=4846"}],"version-history":[{"count":1,"href":"https:\/\/www.fumssar.com.br\/index.php?rest_route=\/wp\/v2\/posts\/4846\/revisions"}],"predecessor-version":[{"id":4850,"href":"https:\/\/www.fumssar.com.br\/index.php?rest_route=\/wp\/v2\/posts\/4846\/revisions\/4850"}],"wp:featuredmedia":[{"embeddable":true,"href":"https:\/\/www.fumssar.com.br\/index.php?rest_route=\/wp\/v2\/media\/4847"}],"wp:attachment":[{"href":"https:\/\/www.fumssar.com.br\/index.php?rest_route=%2Fwp%2Fv2%2Fmedia&parent=4846"}],"wp:term":[{"taxonomy":"category","embeddable":true,"href":"https:\/\/www.fumssar.com.br\/index.php?rest_route=%2Fwp%2Fv2%2Fcategories&post=4846"},{"taxonomy":"post_tag","embeddable":true,"href":"https:\/\/www.fumssar.com.br\/index.php?rest_route=%2Fwp%2Fv2%2Ftags&post=4846"}],"curies":[{"name":"wp","href":"https:\/\/api.w.org\/{rel}","templated":true}]}}